{"id":257477,"date":"2022-05-11T09:14:57","date_gmt":"2022-05-11T07:14:57","guid":{"rendered":"https:\/\/zjarr.tv\/?p=257477"},"modified":"2022-05-11T09:14:57","modified_gmt":"2022-05-11T07:14:57","slug":"nuk-arriti-te-conte-shqiperine-ne-finale-vjen-reagimi-i-pare-i-ronela-hajatit-une-fitova-publikun-ata-kane-gjithmone-te-drejte","status":"publish","type":"post","link":"https:\/\/zjarr.tv\/sq\/nuk-arriti-te-conte-shqiperine-ne-finale-vjen-reagimi-i-pare-i-ronela-hajatit-une-fitova-publikun-ata-kane-gjithmone-te-drejte\/","title":{"rendered":"Nuk arriti t\u00eb \u00e7onte Shqip\u00ebrin\u00eb n\u00eb finale, vjen reagimi i par\u00eb i Ronela Hajatit: Un\u00eb fitova publikun, ata kan\u00eb gjithmon\u00eb t\u00eb drejt\u00eb"},"content":{"rendered":"<p>Ronela Hajati nuk arriti q\u00eb t\u00eb siguronte nj\u00eb vend p\u00ebr Shqip\u00ebrin\u00eb n\u00eb finlen e Eurovision 2022.<\/p>\n<p>Ndon\u00ebse edhe m\u00eb her\u00ebt k\u00ebng\u00ebtarja ishte shprehur se nuk mendonte se do t\u00eb shkonte n\u00eb finale, kjo p\u00ebr arsyet e sulmeve ndaj performanc\u00ebs s\u00eb Shqip\u00ebris\u00eb nga Eurovision, s\u00ebrish nj\u00eb shpres\u00eb e vog\u00ebl ndodhej tek Ronela dhe te t\u00eb gjith\u00eb ne.<\/p>\n<p>P\u00ebrfundimi i eksperienc\u00ebs s\u00eb saj n\u00eb gjys\u00ebmfinale si duke e ka m\u00ebrzitur paksa Ronela, e cila pasi p\u00ebrfundoi nata e par\u00eb ndau me ndjek\u00ebsit nj\u00eb postim.<\/p>\n<p>Teksa  postoi nj\u00eb foto p\u00ebrkrah balerin\u00ebve t\u00eb saj, Ronela shkruan se edhe n\u00ebse do t\u00eb shkonte n\u00eb finale, do t\u00eb ishte e fundit n\u00eb list\u00eb. Po ashtu, ajo \u00ebsht\u00eb e bindur se ka fituar zemr\u00ebn e publikut.<\/p>\n<p>\u201cEdhe sikur t\u00eb isha n\u00eb finale do t\u00eb isha i fundit! e di! Por sasia e dashuris\u00eb q\u00eb kam marr\u00eb \u00ebsht\u00eb e madhe! Un\u00eb fitova Eurovizionin sepse fitova publikun! Dhe ata kane gjithmon\u00eb t\u00eb drejt\u00eb! TE DUA \u201c,  shkruan Ronela.<\/p>\n","protected":false},"excerpt":{"rendered":"<p>Ronela Hajati nuk arriti q\u00eb t\u00eb siguronte nj\u00eb vend p\u00ebr Shqip\u00ebrin\u00eb n\u00eb finlen e Eurovision 2022. Ndon\u00ebse edhe m\u00eb her\u00ebt k\u00ebng\u00ebtarja ishte shprehur se nuk mendonte se do t\u00eb shkonte n\u00eb finale, kjo p\u00ebr arsyet e sulmeve ndaj performanc\u00ebs s\u00eb Shqip\u00ebris\u00eb nga Eurovision, s\u00ebrish nj\u00eb shpres\u00eb e vog\u00ebl ndodhej tek Ronela dhe te t\u00eb gjith\u00eb [&hellip;]<\/p>\n","protected":false},"author":2031,"featured_media":257478,"comment_status":"closed","ping_status":"closed","sticky":false,"template":"","format":"standard","meta":{"footnotes":""},"categories":[1],"tags":[],"class_list":{"0":"post-257477","1":"post","2":"type-post","3":"status-publish","4":"format-standard","5":"has-post-thumbnail","7":"category-uncategorized-sq"},"_links":{"self":[{"href":"https:\/\/zjarr.tv\/sq\/wp-json\/wp\/v2\/posts\/257477","targetHints":{"allow":["GET"]}}],"collection":[{"href":"https:\/\/zjarr.tv\/sq\/wp-json\/wp\/v2\/posts"}],"about":[{"href":"https:\/\/zjarr.tv\/sq\/wp-json\/wp\/v2\/types\/post"}],"author":[{"embeddable":true,"href":"https:\/\/zjarr.tv\/sq\/wp-json\/wp\/v2\/users\/2031"}],"replies":[{"embeddable":true,"href":"https:\/\/zjarr.tv\/sq\/wp-json\/wp\/v2\/comments?post=257477"}],"version-history":[{"count":0,"href":"https:\/\/zjarr.tv\/sq\/wp-json\/wp\/v2\/posts\/257477\/revisions"}],"wp:featuredmedia":[{"embeddable":true,"href":"https:\/\/zjarr.tv\/sq\/wp-json\/wp\/v2\/media\/257478"}],"wp:attachment":[{"href":"https:\/\/zjarr.tv\/sq\/wp-json\/wp\/v2\/media?parent=257477"}],"wp:term":[{"taxonomy":"category","embeddable":true,"href":"https:\/\/zjarr.tv\/sq\/wp-json\/wp\/v2\/categories?post=257477"},{"taxonomy":"post_tag","embeddable":true,"href":"https:\/\/zjarr.tv\/sq\/wp-json\/wp\/v2\/tags?post=257477"}],"curies":[{"name":"wp","href":"https:\/\/api.w.org\/{rel}","templated":true}]}}