{"id":257492,"date":"2022-05-11T11:37:19","date_gmt":"2022-05-11T09:37:19","guid":{"rendered":"https:\/\/zjarr.tv\/?p=257492"},"modified":"2022-05-11T11:37:19","modified_gmt":"2022-05-11T09:37:19","slug":"cfare-do-me-nga-une-arben-kraja-rama-per-drejtuesin-e-spak-kam-shume-respekt-per-te-ka-bere-pune-fantastike-me-krimin-e-organizuar-por","status":"publish","type":"post","link":"https:\/\/zjarr.tv\/sq\/cfare-do-me-nga-une-arben-kraja-rama-per-drejtuesin-e-spak-kam-shume-respekt-per-te-ka-bere-pune-fantastike-me-krimin-e-organizuar-por\/","title":{"rendered":"\u201c\u00c7far\u00eb do m\u00eb nga un\u00eb Arben Kraja?\u201d, Rama p\u00ebr drejtuesin e SPAK: Kam shum\u00eb respekt p\u00ebr t\u00eb, ka b\u00ebr\u00eb pun\u00eb fantastike me krimin e organizuar por\u2026"},"content":{"rendered":"<p>Edi Rama:<\/p>\n<p>Partit\u00eb politike q\u00eb b\u00ebjn\u00eb kall\u00ebzime jan\u00eb nj\u00eb devijacion i madh, un\u00eb kam qen\u00eb kund\u00ebr k\u00ebtyre gj\u00ebrave, dhe kur kemi qen\u00eb n\u00eb opozit\u00eb, nuk ndodh n\u00eb asnj\u00eb vend t\u00eb bot\u00ebs, q\u00eb partit\u00eb politike t\u00eb b\u00ebjn\u00eb kall\u00ebzime. Madje s\u00eb fundi kreu i grupit parlamentar, q\u00eb ka qen\u00eb n\u00eb vij\u00ebn e par\u00eb, s\u00eb bashku me Erion Bra\u00e7en kan\u00eb b\u00ebr\u00eb kall\u00ebzim.<\/p>\n<p>Shko n\u00eb nj\u00eb vend t\u00eb konsoliduar, dhe shih se \u00e7far\u00eb ndodh pa kall\u00ebzim\u00a0 fare, n\u00ebse nj\u00eb gazet\u00eb nxjerr nj\u00eb fakt trondit\u00ebs, jo m\u00eb\u2026 cfar\u00eb kall\u00ebzimi t\u00eb duhet m\u00eb p\u00ebr t\u00eb gjith\u00eb k\u00ebta. \u00c7far\u00eb kall\u00ebzimi pret p\u00ebr k\u00ebta q\u00eb kan\u00eb dal\u00eb me 13 sht\u00ebpi, ka \u00e7uar ministri i drejt\u00ebsis\u00eb, rastin m\u00eb skandaloz, nuk shoh q\u00eb t\u00eb ket\u00eb ndonj\u00eb veprim, nd\u00ebrkoh\u00eb q\u00eb f\u00ebmij\u00ebt e Tiran\u00ebs presin q\u00eb t\u00eb ken\u00eb Teatrin e ri.<\/p>\n<p>Kemi b\u00ebr\u00eb t\u00eb gjith\u00eb projektin, kemi gjetur financimin, pron\u00ebn e shtetit na e ka marr\u00eb nj\u00eb gjykat\u00ebse, e cila nj\u00eb vit m\u00eb par\u00eb kur i shkon k\u00ebrkesa p\u00ebr t\u00eb siguruar nj\u00eb pretendim\u00a0 t\u00eb pronarit i thot\u00eb jo, dhe nj\u00eb jav\u00eb para se ta shporrte Vetingu b\u00ebn sigurim padie.<\/p>\n<p>\u00c7far\u00eb do Arben Kraja nga un\u00eb, kur k\u00ebt\u00eb gjyqtare e ka k\u00ebtu n\u00eb list\u00eb me 462 mij\u00eb euro t\u00eb pajustifikuara, dhe me nj\u00eb akt hapur t\u00eb paligjsh\u00ebm. Nuk kam mosh\u00eb un\u00eb p\u00ebr t\u00eb b\u00ebr\u00eb komplimente t\u00eb kota, kam shum\u00eb respekt p\u00ebr drejtuesin e SPAK, kam\u00a0 shum\u00eb respekt p\u00ebr pun\u00ebn e b\u00ebr\u00eb deri tani, edhe pse kam\u00a0 nj\u00eb njohje shum\u00eb p\u00ebrfaq\u00ebsore me t\u00eb. Respekt p\u00ebr pun\u00ebn fantastike q\u00eb kan\u00eb b\u00ebr\u00eb p\u00ebr goditjen e krimit t\u00eb organizuar..<\/p>\n","protected":false},"excerpt":{"rendered":"<p>Edi Rama: Partit\u00eb politike q\u00eb b\u00ebjn\u00eb kall\u00ebzime jan\u00eb nj\u00eb devijacion i madh, un\u00eb kam qen\u00eb kund\u00ebr k\u00ebtyre gj\u00ebrave, dhe kur kemi qen\u00eb n\u00eb opozit\u00eb, nuk ndodh n\u00eb asnj\u00eb vend t\u00eb bot\u00ebs, q\u00eb partit\u00eb politike t\u00eb b\u00ebjn\u00eb kall\u00ebzime. Madje s\u00eb fundi kreu i grupit parlamentar, q\u00eb ka qen\u00eb n\u00eb vij\u00ebn e par\u00eb, s\u00eb bashku me Erion [&hellip;]<\/p>\n","protected":false},"author":2016,"featured_media":257493,"comment_status":"closed","ping_status":"closed","sticky":false,"template":"","format":"standard","meta":{"footnotes":""},"categories":[241,5380,231],"tags":[],"class_list":{"0":"post-257492","1":"post","2":"type-post","3":"status-publish","4":"format-standard","5":"has-post-thumbnail","7":"category-aktualitet","8":"category-kryesore","9":"category-lajme"},"_links":{"self":[{"href":"https:\/\/zjarr.tv\/sq\/wp-json\/wp\/v2\/posts\/257492","targetHints":{"allow":["GET"]}}],"collection":[{"href":"https:\/\/zjarr.tv\/sq\/wp-json\/wp\/v2\/posts"}],"about":[{"href":"https:\/\/zjarr.tv\/sq\/wp-json\/wp\/v2\/types\/post"}],"author":[{"embeddable":true,"href":"https:\/\/zjarr.tv\/sq\/wp-json\/wp\/v2\/users\/2016"}],"replies":[{"embeddable":true,"href":"https:\/\/zjarr.tv\/sq\/wp-json\/wp\/v2\/comments?post=257492"}],"version-history":[{"count":0,"href":"https:\/\/zjarr.tv\/sq\/wp-json\/wp\/v2\/posts\/257492\/revisions"}],"wp:featuredmedia":[{"embeddable":true,"href":"https:\/\/zjarr.tv\/sq\/wp-json\/wp\/v2\/media\/257493"}],"wp:attachment":[{"href":"https:\/\/zjarr.tv\/sq\/wp-json\/wp\/v2\/media?parent=257492"}],"wp:term":[{"taxonomy":"category","embeddable":true,"href":"https:\/\/zjarr.tv\/sq\/wp-json\/wp\/v2\/categories?post=257492"},{"taxonomy":"post_tag","embeddable":true,"href":"https:\/\/zjarr.tv\/sq\/wp-json\/wp\/v2\/tags?post=257492"}],"curies":[{"name":"wp","href":"https:\/\/api.w.org\/{rel}","templated":true}]}}