{"id":257784,"date":"2022-05-12T11:47:28","date_gmt":"2022-05-12T09:47:28","guid":{"rendered":"https:\/\/zjarr.tv\/?p=257784"},"modified":"2022-05-12T11:47:28","modified_gmt":"2022-05-12T09:47:28","slug":"eshte-vjehrre-shembull-e-dua-si-mamin-tim-armina-mevlani-tregon-takimin-e-pare-me-liri-berishen","status":"publish","type":"post","link":"https:\/\/zjarr.tv\/sq\/eshte-vjehrre-shembull-e-dua-si-mamin-tim-armina-mevlani-tregon-takimin-e-pare-me-liri-berishen\/","title":{"rendered":"\u201c\u00cbsht\u00eb vjehrr\u00eb shembull, e dua si mamin tim\u201d, Armina Mevlani tregon takimin e par\u00eb me Liri Berish\u00ebn"},"content":{"rendered":"<p>Moderatorja Armina Mevlani, ka treguar sesi e ka marr\u00ebdh\u00ebnien me vjehrr\u00ebn e saj, Liri Berish\u00ebn.<\/p>\n<p>Mbr\u00ebmjen e sotme n\u00eb \u201cGoca dhe Gra\u201d, Armina tregoi se q\u00eb n\u00eb takimin e tyre t\u00eb par\u00eb, Liri Berisha e mir\u00ebpriti dhe u tregua shum\u00eb e kuptueshme.<\/p>\n<p>Ajo tha se marr\u00ebdh\u00ebnia e tyre \u00ebsht\u00eb shum\u00eb e af\u00ebrt dhe Lirien e konsideron si maman\u00eb e saj.<\/p>\n<p>\u201cUn\u00eb kam qen\u00eb me shum\u00eb fat. Liri \u00ebsht\u00eb nj\u00eb vjerrh\u00eb shembull. Nuk e di \u00e7\u2019do t\u00eb thot\u00eb t\u00eb kesh probleme n\u00eb marr\u00ebdh\u00ebnie. M\u00eb ka mir\u00ebpritur, ka qen\u00eb shum\u00eb e mir\u00eb q\u00eb n\u00eb fillim, shum\u00eb e kuptueshme. Zeni shkon i takon, shkojm\u00eb e kalojm\u00eb atje fundjav\u00ebn. Kam marr\u00ebdh\u00ebnie shum\u00eb t\u00eb af\u00ebrt me Lilin, e dua si mamin tim\u201d, tregoi Armina Mevlani.<\/p>\n","protected":false},"excerpt":{"rendered":"<p>Moderatorja Armina Mevlani, ka treguar sesi e ka marr\u00ebdh\u00ebnien me vjehrr\u00ebn e saj, Liri Berish\u00ebn. Mbr\u00ebmjen e sotme n\u00eb \u201cGoca dhe Gra\u201d, Armina tregoi se q\u00eb n\u00eb takimin e tyre t\u00eb par\u00eb, Liri Berisha e mir\u00ebpriti dhe u tregua shum\u00eb e kuptueshme. Ajo tha se marr\u00ebdh\u00ebnia e tyre \u00ebsht\u00eb shum\u00eb e af\u00ebrt dhe Lirien e [&hellip;]<\/p>\n","protected":false},"author":2030,"featured_media":257785,"comment_status":"closed","ping_status":"closed","sticky":false,"template":"","format":"standard","meta":{"footnotes":""},"categories":[241,3366,5380,231,193],"tags":[],"class_list":{"0":"post-257784","1":"post","2":"type-post","3":"status-publish","4":"format-standard","5":"has-post-thumbnail","7":"category-aktualitet","8":"category-koment","9":"category-kryesore","10":"category-lajme","11":"category-showbiz"},"_links":{"self":[{"href":"https:\/\/zjarr.tv\/sq\/wp-json\/wp\/v2\/posts\/257784","targetHints":{"allow":["GET"]}}],"collection":[{"href":"https:\/\/zjarr.tv\/sq\/wp-json\/wp\/v2\/posts"}],"about":[{"href":"https:\/\/zjarr.tv\/sq\/wp-json\/wp\/v2\/types\/post"}],"author":[{"embeddable":true,"href":"https:\/\/zjarr.tv\/sq\/wp-json\/wp\/v2\/users\/2030"}],"replies":[{"embeddable":true,"href":"https:\/\/zjarr.tv\/sq\/wp-json\/wp\/v2\/comments?post=257784"}],"version-history":[{"count":0,"href":"https:\/\/zjarr.tv\/sq\/wp-json\/wp\/v2\/posts\/257784\/revisions"}],"wp:featuredmedia":[{"embeddable":true,"href":"https:\/\/zjarr.tv\/sq\/wp-json\/wp\/v2\/media\/257785"}],"wp:attachment":[{"href":"https:\/\/zjarr.tv\/sq\/wp-json\/wp\/v2\/media?parent=257784"}],"wp:term":[{"taxonomy":"category","embeddable":true,"href":"https:\/\/zjarr.tv\/sq\/wp-json\/wp\/v2\/categories?post=257784"},{"taxonomy":"post_tag","embeddable":true,"href":"https:\/\/zjarr.tv\/sq\/wp-json\/wp\/v2\/tags?post=257784"}],"curies":[{"name":"wp","href":"https:\/\/api.w.org\/{rel}","templated":true}]}}