{"id":257821,"date":"2022-05-12T12:25:15","date_gmt":"2022-05-12T10:25:15","guid":{"rendered":"https:\/\/zjarr.tv\/?p=257821"},"modified":"2022-05-12T12:25:15","modified_gmt":"2022-05-12T10:25:15","slug":"sherri-mes-demokrateve-ne-kuvend-manjani-del-me-reagimin-epik-ky-parlamenti-diten-e-enjte-eshte-pune-dubai","status":"publish","type":"post","link":"https:\/\/zjarr.tv\/sq\/sherri-mes-demokrateve-ne-kuvend-manjani-del-me-reagimin-epik-ky-parlamenti-diten-e-enjte-eshte-pune-dubai\/","title":{"rendered":"Sherri mes demokrat\u00ebve n\u00eb Kuvend, Manjani del me reagimin epik: Ky Parlamenti dit\u00ebn e enjte \u00ebsht\u00eb pun\u00eb&#8230;Dubai"},"content":{"rendered":"<p>Ish-ministri i Drejt\u00ebsis\u00eb, Ylli Manjani ka dal\u00eb me nj\u00eb reagim ironik n\u00eb rrjetet sociale pas sherrit n\u00eb Kuvend mes dy deputet\u00ebve demokrat\u00eb Edmond Spaho dhe Gazment Bardhi.<\/p>\n<p>\u201cKy Parlamenti dit\u00ebn e enjte \u00ebsht\u00eb pun\u00eb&#8230;Dubai.\u201d, shkruan Manjani.<\/p>\n<p><img loading=\"lazy\" decoding=\"async\" class=\"alignnone  wp-image-257822\" src=\"https:\/\/zjarr.tv\/wp-content\/uploads\/2022\/05\/nhhj-300x71.png\" alt=\"\" width=\"545\" height=\"129\" srcset=\"https:\/\/zjarr.tv\/wp-content\/uploads\/2022\/05\/nhhj-300x71.png 300w, https:\/\/zjarr.tv\/wp-content\/uploads\/2022\/05\/nhhj.png 674w\" sizes=\"auto, (max-width: 545px) 100vw, 545px\" \/><\/p>\n","protected":false},"excerpt":{"rendered":"<p>Ish-ministri i Drejt\u00ebsis\u00eb, Ylli Manjani ka dal\u00eb me nj\u00eb reagim ironik n\u00eb rrjetet sociale pas sherrit n\u00eb Kuvend mes dy deputet\u00ebve demokrat\u00eb Edmond Spaho dhe Gazment Bardhi. \u201cKy Parlamenti dit\u00ebn e enjte \u00ebsht\u00eb pun\u00eb&#8230;Dubai.\u201d, shkruan Manjani.<\/p>\n","protected":false},"author":2030,"featured_media":131437,"comment_status":"closed","ping_status":"closed","sticky":false,"template":"","format":"standard","meta":{"footnotes":""},"categories":[241,5380,231,1454],"tags":[],"class_list":{"0":"post-257821","1":"post","2":"type-post","3":"status-publish","4":"format-standard","5":"has-post-thumbnail","7":"category-aktualitet","8":"category-kryesore","9":"category-lajme","10":"category-politike"},"_links":{"self":[{"href":"https:\/\/zjarr.tv\/sq\/wp-json\/wp\/v2\/posts\/257821","targetHints":{"allow":["GET"]}}],"collection":[{"href":"https:\/\/zjarr.tv\/sq\/wp-json\/wp\/v2\/posts"}],"about":[{"href":"https:\/\/zjarr.tv\/sq\/wp-json\/wp\/v2\/types\/post"}],"author":[{"embeddable":true,"href":"https:\/\/zjarr.tv\/sq\/wp-json\/wp\/v2\/users\/2030"}],"replies":[{"embeddable":true,"href":"https:\/\/zjarr.tv\/sq\/wp-json\/wp\/v2\/comments?post=257821"}],"version-history":[{"count":0,"href":"https:\/\/zjarr.tv\/sq\/wp-json\/wp\/v2\/posts\/257821\/revisions"}],"wp:featuredmedia":[{"embeddable":true,"href":"https:\/\/zjarr.tv\/sq\/wp-json\/wp\/v2\/media\/131437"}],"wp:attachment":[{"href":"https:\/\/zjarr.tv\/sq\/wp-json\/wp\/v2\/media?parent=257821"}],"wp:term":[{"taxonomy":"category","embeddable":true,"href":"https:\/\/zjarr.tv\/sq\/wp-json\/wp\/v2\/categories?post=257821"},{"taxonomy":"post_tag","embeddable":true,"href":"https:\/\/zjarr.tv\/sq\/wp-json\/wp\/v2\/tags?post=257821"}],"curies":[{"name":"wp","href":"https:\/\/api.w.org\/{rel}","templated":true}]}}