{"id":257842,"date":"2022-05-12T12:53:57","date_gmt":"2022-05-12T10:53:57","guid":{"rendered":"https:\/\/zjarr.tv\/?p=257842"},"modified":"2022-05-12T12:53:57","modified_gmt":"2022-05-12T10:53:57","slug":"avokati-padit-vellezerit-donald-dhe-romeo-veshaj-reagon-drejtoresha-e-muzeut-te-artit-mesjetar-dhe-zbulon-cfare-ka-ndodhur","status":"publish","type":"post","link":"https:\/\/zjarr.tv\/sq\/avokati-padit-vellezerit-donald-dhe-romeo-veshaj-reagon-drejtoresha-e-muzeut-te-artit-mesjetar-dhe-zbulon-cfare-ka-ndodhur\/","title":{"rendered":"Avokati padit v\u00ebllez\u00ebrit Donald dhe Romeo Veshaj, reagon Drejtoresha e Muzeut t\u00eb Artit Mesjetar dhe zbulon \u00e7far\u00eb ka ndodhur"},"content":{"rendered":"<p>Avokati Esmerald Xhafa ka depozituar nj\u00eb kall\u00ebzim n\u00eb Prokurorin\u00eb e Kor\u00e7\u00ebs ku k\u00ebrkon q\u00eb dy v\u00ebllez\u00ebrit Donald dhe Romeo Veshaj t\u00eb hetohen p\u00ebr d\u00ebme q\u00eb mund tu ken\u00eb shkaktuar ikonave n\u00eb Mueun e Artit Mesjetar n\u00eb Kor\u00e7\u00eb, ku dhe kan\u00eb xhiruar klipin \u201cPicasso\u201d. N\u00eb nj\u00eb deklarat\u00eb p\u00ebrmediat, ai shprehet se ikona t\u00eb tilla d\u00ebmtohen nga blici i kamer\u00ebs dhe kurrsesi nuk mund t\u00eb lejohen klipe n\u00eb k\u00ebt\u00eb Muze. Ai shton se teksat e VIP-ave nuk mund t\u00eb tejkalonn\u00eb r\u00ebnd\u00ebsin\u00eb e objekteve t\u00eb ve\u00e7anta edhe n\u00ebse kan\u00eb marr\u00eb leje. Fjoralba Prifti, drejtoresh\u00eb e Muzeut t\u00eb Artit Mesjetar ka konfirmuar tha se binjak\u00ebve Veshaj u \u00ebsht\u00eb dh\u00ebn\u00eb leje p\u00ebr k\u00ebt\u00eb klip, pasi \u00ebsht\u00eb konsideruar se ishte brenda rregullave. Nga v\u00ebllez\u00ebrit Veshaj apo bashk\u00ebpun\u00ebtori i tyre Elgit Doda nuk ka asnj\u00eb reagim deri m\u00eb tani.<\/p>\n<p>Fjoralba Prifti, drejtoresh\u00eb e Muzeut t\u00eb Artit Mesjetar: Ka k\u00ebrkuar leje dhe i \u00ebsht\u00eb miratuar. Nuk p\u00ebrb\u00ebn asnj\u00eb shkelje, \u00ebsht\u00eb lejuar q\u00eb t\u00eb b\u00ebhen disa xhirime q\u00eb jan\u00eb brenda etik\u00ebs q\u00eb lejohen nga muzeu.<\/p>\n","protected":false},"excerpt":{"rendered":"<p>Avokati Esmerald Xhafa ka depozituar nj\u00eb kall\u00ebzim n\u00eb Prokurorin\u00eb e Kor\u00e7\u00ebs ku k\u00ebrkon q\u00eb dy v\u00ebllez\u00ebrit Donald dhe Romeo Veshaj t\u00eb hetohen p\u00ebr d\u00ebme q\u00eb mund tu ken\u00eb shkaktuar ikonave n\u00eb Mueun e Artit Mesjetar n\u00eb Kor\u00e7\u00eb, ku dhe kan\u00eb xhiruar klipin \u201cPicasso\u201d. N\u00eb nj\u00eb deklarat\u00eb p\u00ebrmediat, ai shprehet se ikona t\u00eb tilla d\u00ebmtohen nga [&hellip;]<\/p>\n","protected":false},"author":2030,"featured_media":257844,"comment_status":"closed","ping_status":"closed","sticky":false,"template":"","format":"standard","meta":{"footnotes":""},"categories":[241,3366,5380,231],"tags":[],"class_list":{"0":"post-257842","1":"post","2":"type-post","3":"status-publish","4":"format-standard","5":"has-post-thumbnail","7":"category-aktualitet","8":"category-koment","9":"category-kryesore","10":"category-lajme"},"_links":{"self":[{"href":"https:\/\/zjarr.tv\/sq\/wp-json\/wp\/v2\/posts\/257842","targetHints":{"allow":["GET"]}}],"collection":[{"href":"https:\/\/zjarr.tv\/sq\/wp-json\/wp\/v2\/posts"}],"about":[{"href":"https:\/\/zjarr.tv\/sq\/wp-json\/wp\/v2\/types\/post"}],"author":[{"embeddable":true,"href":"https:\/\/zjarr.tv\/sq\/wp-json\/wp\/v2\/users\/2030"}],"replies":[{"embeddable":true,"href":"https:\/\/zjarr.tv\/sq\/wp-json\/wp\/v2\/comments?post=257842"}],"version-history":[{"count":0,"href":"https:\/\/zjarr.tv\/sq\/wp-json\/wp\/v2\/posts\/257842\/revisions"}],"wp:featuredmedia":[{"embeddable":true,"href":"https:\/\/zjarr.tv\/sq\/wp-json\/wp\/v2\/media\/257844"}],"wp:attachment":[{"href":"https:\/\/zjarr.tv\/sq\/wp-json\/wp\/v2\/media?parent=257842"}],"wp:term":[{"taxonomy":"category","embeddable":true,"href":"https:\/\/zjarr.tv\/sq\/wp-json\/wp\/v2\/categories?post=257842"},{"taxonomy":"post_tag","embeddable":true,"href":"https:\/\/zjarr.tv\/sq\/wp-json\/wp\/v2\/tags?post=257842"}],"curies":[{"name":"wp","href":"https:\/\/api.w.org\/{rel}","templated":true}]}}