{"id":257866,"date":"2022-05-12T13:40:08","date_gmt":"2022-05-12T11:40:08","guid":{"rendered":"https:\/\/zjarr.tv\/?p=257866"},"modified":"2022-05-12T13:40:08","modified_gmt":"2022-05-12T11:40:08","slug":"strazimiri-ata-qe-kerkojne-perseri-bashkim-vllazerim-me-vucic-nuk-kane-arsye-te-denojne-masakren-e-srebrenices","status":"publish","type":"post","link":"https:\/\/zjarr.tv\/sq\/strazimiri-ata-qe-kerkojne-perseri-bashkim-vllazerim-me-vucic-nuk-kane-arsye-te-denojne-masakren-e-srebrenices\/","title":{"rendered":"Strazimiri: Ata q\u00eb k\u00ebrkojn\u00eb p\u00ebrs\u00ebri bashkim-vllaz\u00ebrim me Vu\u00e7i\u00e7, nuk kan\u00eb arsye t\u00eb d\u00ebnojn\u00eb masakr\u00ebn e Srebrenic\u00ebs"},"content":{"rendered":"<p>Nga Gent Strazimiri\/<\/p>\n<p>Ata q\u00eb masakruan shqiptar\u00eb n\u00eb masakr\u00ebn e Tivarit, masakr\u00ebn e Buz\u00ebmadhes, masakr\u00ebn e Postrib\u00ebs, masakr\u00ebn e Qaf\u00ebs s\u00eb Valmirit, etj., etj., etj., nuk kan\u00eb arsye t\u00eb d\u00ebnojn\u00eb masakr\u00ebn e Srebrenic\u00ebs ku u masakruan boshnjak\u00eb\u2026<\/p>\n<p>Ata q\u00eb k\u00ebrkojn\u00eb p\u00ebrs\u00ebri bashkim-vllaz\u00ebrim me Vu\u00e7i\u00e7 q\u00eb vazhdon t\u00eb thot\u00eb se masakr\u00ebn e Re\u00e7akut e b\u00ebn\u00eb vet\u00eb shqiptar\u00ebt, nuk kan\u00eb arsye t\u00eb d\u00ebnojn\u00eb masakr\u00ebn e Srebrenic\u00ebs\u2026<\/p>\n<p>Kaq!<\/p>\n","protected":false},"excerpt":{"rendered":"<p>Nga Gent Strazimiri\/ Ata q\u00eb masakruan shqiptar\u00eb n\u00eb masakr\u00ebn e Tivarit, masakr\u00ebn e Buz\u00ebmadhes, masakr\u00ebn e Postrib\u00ebs, masakr\u00ebn e Qaf\u00ebs s\u00eb Valmirit, etj., etj., etj., nuk kan\u00eb arsye t\u00eb d\u00ebnojn\u00eb masakr\u00ebn e Srebrenic\u00ebs ku u masakruan boshnjak\u00eb\u2026 Ata q\u00eb k\u00ebrkojn\u00eb p\u00ebrs\u00ebri bashkim-vllaz\u00ebrim me Vu\u00e7i\u00e7 q\u00eb vazhdon t\u00eb thot\u00eb se masakr\u00ebn e Re\u00e7akut e b\u00ebn\u00eb vet\u00eb [&hellip;]<\/p>\n","protected":false},"author":2020,"featured_media":257867,"comment_status":"closed","ping_status":"closed","sticky":false,"template":"","format":"standard","meta":{"footnotes":""},"categories":[241,5380,231],"tags":[],"class_list":{"0":"post-257866","1":"post","2":"type-post","3":"status-publish","4":"format-standard","5":"has-post-thumbnail","7":"category-aktualitet","8":"category-kryesore","9":"category-lajme"},"_links":{"self":[{"href":"https:\/\/zjarr.tv\/sq\/wp-json\/wp\/v2\/posts\/257866","targetHints":{"allow":["GET"]}}],"collection":[{"href":"https:\/\/zjarr.tv\/sq\/wp-json\/wp\/v2\/posts"}],"about":[{"href":"https:\/\/zjarr.tv\/sq\/wp-json\/wp\/v2\/types\/post"}],"author":[{"embeddable":true,"href":"https:\/\/zjarr.tv\/sq\/wp-json\/wp\/v2\/users\/2020"}],"replies":[{"embeddable":true,"href":"https:\/\/zjarr.tv\/sq\/wp-json\/wp\/v2\/comments?post=257866"}],"version-history":[{"count":0,"href":"https:\/\/zjarr.tv\/sq\/wp-json\/wp\/v2\/posts\/257866\/revisions"}],"wp:featuredmedia":[{"embeddable":true,"href":"https:\/\/zjarr.tv\/sq\/wp-json\/wp\/v2\/media\/257867"}],"wp:attachment":[{"href":"https:\/\/zjarr.tv\/sq\/wp-json\/wp\/v2\/media?parent=257866"}],"wp:term":[{"taxonomy":"category","embeddable":true,"href":"https:\/\/zjarr.tv\/sq\/wp-json\/wp\/v2\/categories?post=257866"},{"taxonomy":"post_tag","embeddable":true,"href":"https:\/\/zjarr.tv\/sq\/wp-json\/wp\/v2\/tags?post=257866"}],"curies":[{"name":"wp","href":"https:\/\/api.w.org\/{rel}","templated":true}]}}