{"id":257878,"date":"2022-05-12T14:27:48","date_gmt":"2022-05-12T12:27:48","guid":{"rendered":"https:\/\/zjarr.tv\/?p=257878"},"modified":"2022-05-12T14:27:48","modified_gmt":"2022-05-12T12:27:48","slug":"bordet-e-transparences-vasili-menyre-e-shemtuar-qeveri-privat-per-te-caktuar-marzhin-e-fitimit","status":"publish","type":"post","link":"https:\/\/zjarr.tv\/sq\/bordet-e-transparences-vasili-menyre-e-shemtuar-qeveri-privat-per-te-caktuar-marzhin-e-fitimit\/","title":{"rendered":"Bordet e transparenc\u00ebs, Vasili: M\u00ebnyr\u00eb e sh\u00ebmtuar qeveri \u2013 privat p\u00ebr t\u00eb caktuar marzhin e fitimit"},"content":{"rendered":"<p>Nga foltorja e Kuvendit n\u00ebn kryetari i LSI-s\u00eb Petrit Vasili u shpreh se qeveria ka zgjedhur n\u00eb m\u00ebnyr\u00eb abuzime form\u00ebn m\u00eb t\u00eb sh\u00ebmtuar t\u00eb pazarit mes qeveris\u00eb dhe monopoleve.<\/p>\n<p>Ai shtoi se kjo form\u00eb vet\u00ebm sa cakton marzhin e fitimit p\u00ebr privat\u00ebt dhe jo n\u00eb t\u00eb mir\u00eb t\u00eb qytetar\u00ebve q\u00eb ata t\u00eb leht\u00ebsohen.<\/p>\n<p>Vasili: Qeveria ka zgjedhur n\u00eb m\u00ebnyr\u00eb abuzime form\u00ebn m\u00eb t\u00eb sh\u00ebmtuar t\u00eb pazarit mes qeveris\u00eb dhe monopoleve. \u00c7far\u00eb b\u00ebjn\u00eb k\u00ebta? Vendosim marzhin e fitimit. Vendosin se sa do t\u00eb fitoj\u00eb privati, por jo sa do t\u00eb leht\u00ebsohet qytetari.<\/p>\n<p>Taksat q\u00eb merr qeveria mbeten t\u00eb nj\u00ebjtat dhe qeveria f\u00ebrkon barkun duke marr\u00eb disa qindra milion\u00eb euro m\u00eb shum\u00eb. K\u00ebto para duhet t\u00eb ishin p\u00ebrdorur p\u00ebr subvencion dhe q\u00eb ata t\u2019i merrnin \u00e7mimet sa m\u00eb t\u00eb ulta.<\/p>\n","protected":false},"excerpt":{"rendered":"<p>Nga foltorja e Kuvendit n\u00ebn kryetari i LSI-s\u00eb Petrit Vasili u shpreh se qeveria ka zgjedhur n\u00eb m\u00ebnyr\u00eb abuzime form\u00ebn m\u00eb t\u00eb sh\u00ebmtuar t\u00eb pazarit mes qeveris\u00eb dhe monopoleve. Ai shtoi se kjo form\u00eb vet\u00ebm sa cakton marzhin e fitimit p\u00ebr privat\u00ebt dhe jo n\u00eb t\u00eb mir\u00eb t\u00eb qytetar\u00ebve q\u00eb ata t\u00eb leht\u00ebsohen. Vasili: Qeveria [&hellip;]<\/p>\n","protected":false},"author":2020,"featured_media":257879,"comment_status":"closed","ping_status":"closed","sticky":false,"template":"","format":"standard","meta":{"footnotes":""},"categories":[241,5380,231],"tags":[],"class_list":{"0":"post-257878","1":"post","2":"type-post","3":"status-publish","4":"format-standard","5":"has-post-thumbnail","7":"category-aktualitet","8":"category-kryesore","9":"category-lajme"},"_links":{"self":[{"href":"https:\/\/zjarr.tv\/sq\/wp-json\/wp\/v2\/posts\/257878","targetHints":{"allow":["GET"]}}],"collection":[{"href":"https:\/\/zjarr.tv\/sq\/wp-json\/wp\/v2\/posts"}],"about":[{"href":"https:\/\/zjarr.tv\/sq\/wp-json\/wp\/v2\/types\/post"}],"author":[{"embeddable":true,"href":"https:\/\/zjarr.tv\/sq\/wp-json\/wp\/v2\/users\/2020"}],"replies":[{"embeddable":true,"href":"https:\/\/zjarr.tv\/sq\/wp-json\/wp\/v2\/comments?post=257878"}],"version-history":[{"count":0,"href":"https:\/\/zjarr.tv\/sq\/wp-json\/wp\/v2\/posts\/257878\/revisions"}],"wp:featuredmedia":[{"embeddable":true,"href":"https:\/\/zjarr.tv\/sq\/wp-json\/wp\/v2\/media\/257879"}],"wp:attachment":[{"href":"https:\/\/zjarr.tv\/sq\/wp-json\/wp\/v2\/media?parent=257878"}],"wp:term":[{"taxonomy":"category","embeddable":true,"href":"https:\/\/zjarr.tv\/sq\/wp-json\/wp\/v2\/categories?post=257878"},{"taxonomy":"post_tag","embeddable":true,"href":"https:\/\/zjarr.tv\/sq\/wp-json\/wp\/v2\/tags?post=257878"}],"curies":[{"name":"wp","href":"https:\/\/api.w.org\/{rel}","templated":true}]}}