{"id":257881,"date":"2022-05-12T14:40:13","date_gmt":"2022-05-12T12:40:13","guid":{"rendered":"https:\/\/zjarr.tv\/?p=257881"},"modified":"2022-05-12T14:40:13","modified_gmt":"2022-05-12T12:40:13","slug":"kujdes-se-po-e-tepron-te-duhen-3-jete-qe-te-besh-shkollat-e-mia-deputetja-ndihet-e-kercenuar-nda-deklaratat-e-ahmetajt-jam-jorida-tabaku-une","status":"publish","type":"post","link":"https:\/\/zjarr.tv\/sq\/kujdes-se-po-e-tepron-te-duhen-3-jete-qe-te-besh-shkollat-e-mia-deputetja-ndihet-e-kercenuar-nda-deklaratat-e-ahmetajt-jam-jorida-tabaku-une\/","title":{"rendered":"\u201cKujdes se po e tepron, t\u00eb duhen 3 jet\u00eb q\u00eb t\u00eb b\u00ebsh shkollat e mia\u201d, deputetja ndihet e k\u00ebrc\u00ebnuar nda deklaratat e Ahmetajt: Jam Jorida Tabaku un\u00eb!"},"content":{"rendered":"<p>Debate t\u00eb forta ka pasur n\u00eb seanc\u00ebn e sotme t\u00eb Kuvendit, mes z\u00ebvend\u00ebskryeministrit Arben Ahmetaj dhe deputetes s\u00eb PD-s\u00eb Jorida Tabaku, ku kjo e fundit e akuzoi socialistin p\u00ebr p\u00ebrfshirje n\u00eb afer\u00ebn e incenerator\u00ebve.<\/p>\n<p>\u201cNdoshta mund t\u00eb jem e paditur se nuk jemi t\u00eb gjith\u00eb m\u00ebsues anglishte q\u00eb m\u00ebsojm\u00eb Ekonomiks, por t\u00eb pakt\u00ebn zgjohem e qet\u00eb nga gjumi se tendera p\u00ebr koncesionet dhe incenerator\u00ebt nuk kam firmosur ndonj\u00ebher\u00eb\u201d, tha ajo. Nd\u00ebrkoh\u00eb q\u00eb i menj\u00ebhersh\u00ebm ka qen\u00eb dhe reagimi i Ahmetajt, i cili i ka p\u00ebrmendur Tabakut fjal\u00ebn \u2018teprim\u2019.<\/p>\n<p>\u201cTy do t\u00eb duhet t\u00eb jetosh 3 jet\u00eb t\u00eb b\u00ebsh shkollat e mia, por k\u00ebnaqu me fjal\u00ebt e tua. Un\u00eb do firmos p\u00ebr investime publike deri kur Kryeministri im, grupi im parlamentar dhe qytetar\u00ebt t\u00eb m\u00eb autorizojn\u00eb n\u00eb nj\u00eb detyr\u00eb ose n\u00eb nj\u00eb tjet\u00ebr, qoft\u00eb k\u00ebtu, qoft\u00eb atje. Ta kam th\u00ebn\u00eb nj\u00eb her\u00eb dhe do vij\u00eb shum\u00eb shpejt, se \u00e7far\u00eb shkon rrotull vjen rrotull. Do i filloj gj\u00ebrat un\u00eb q\u00eb nga Genova deri tek firmat e tua p\u00ebr sht\u00ebpin\u00eb t\u00ebnde. E ke b\u00ebr\u00eb zakon, e p\u00ebrmend emrin tim. T\u00eb kam paralajm\u00ebruar miq\u00ebsisht q\u00eb po e tepron. Nuk ke d\u00ebgjuar. Jam krenar p\u00ebr firmat q\u00eb v\u00eb dhe mbaj p\u00ebrgjegj\u00ebsi vet\u00eb, edhe politikisht, edhe personalisht\u201d, reagoi Ahmetaj.<\/p>\n<p>Pjes\u00ebn e dyt\u00eb t\u00eb k\u00ebtij reagimi t\u00eb Ahmetajt, Jorida Tabaku e lexoi si k\u00ebrc\u00ebnim ndaj saj, ku nuk kurseu q\u00eb t\u00eb p\u00ebrmendte as origjin\u00ebn e saj dhe t\u00eb familjeve t\u00eb vjetra tiranse.<\/p>\n<p>\u201cSa p\u00ebr dijeni, jam Jorida Tabaku, e kam p\u00ebr krenari q\u00eb vij nga dy familje t\u00eb m\u00ebdha t\u00eb Tiran\u00ebs, e kam p\u00ebr krenari. Ka 9 vite q\u00eb \u00ebsht\u00eb n\u00eb pushtet dhe ka qen\u00eb p\u00ebrball\u00eb meje p\u00ebr vite me radh\u00eb, un\u00eb flej e qet\u00eb, nuk kam frik\u00eb se m\u00eb zgjon ndonj\u00eb thirrje nga SPAK. N\u00ebse do t\u00eb hetoj\u00eb, le t\u00eb vijoj\u00eb, ka t\u00eb gjith\u00eb fuqin\u00eb e shtetit. Mua nuk m\u00eb intimidon as k\u00ebrc\u00ebnon dot ashtu si\u00e7 nuk m\u00eb ka intimiduar n\u00eb \u00e7do m\u00ebnyr\u00eb q\u00eb \u00ebsht\u00eb p\u00ebrpjekur n\u00eb Komisionin e Incenerator\u00ebve\u201d, tha ajo.<\/p>\n<p>Nd\u00ebrkoh\u00eb, n\u00eb lidhje me debatin p\u00ebr kriz\u00ebn e \u00e7mimeve, Tabaku i cil\u00ebsoi masat e qeveris\u00eb t\u00eb vonuara dhe t\u00eb pamjaftueshme.<\/p>\n<p>\u201cTendenca p\u00ebr rritjen e \u00e7mimeve ka filluar vitin e kaluar n\u00eb gusht-shtator. Sot nd\u00ebrkoh\u00eb q\u00eb flasim, qeveria shqiptare ka miratuar nj\u00eb plan masash n\u00eb shkurt t\u00eb k\u00ebtij viti p\u00ebr masa sociale p\u00ebr rritjen e \u00e7mimeve, nd\u00ebrsa inflacioni ka arritur n\u00eb k\u00ebt\u00eb muaj n\u00eb thuajse 7 p\u00ebr qind. Kjo tendenc\u00eb ndihet m\u00eb shum\u00eb tek ata q\u00eb jan\u00eb m\u00eb t\u00eb varf\u00ebr. N\u00eb k\u00ebt\u00eb situat\u00eb ekonomike ka vet\u00ebm 1 p\u00ebrgjegj\u00ebs, shkurtdit\u00ebsia e k\u00ebsaj qeverie. N\u00eb situat\u00ebn ku jemi duhet t\u00eb kishit marr\u00eb masa t\u00eb tjera\u201d, tha Tabaku.<\/p>\n<p>Deputetja demokrate akuzoi qeverin\u00eb p\u00ebr duke shfryt\u00ebzuar ligjin p\u00ebr investimet strategjike. P\u00ebr k\u00ebto investime, PD k\u00ebrkoi ngritjen e nj\u00eb komisioni hetimor, k\u00ebrkes\u00eb q\u00eb u refuzua t\u00eb m\u00ebrkur\u00ebn nga socialist\u00ebt. Ahmetaj mbrojti ligjin dhe vendimet n\u00eb kuad\u00ebr t\u00eb k\u00ebtij ligji, nd\u00ebrsa b\u00ebri nj\u00eb rezyme m\u00eb roz\u00eb t\u00eb situat\u00ebs ekonomike t\u00eb vendit. Qeveria do vazhdoj\u00eb t\u00eb b\u00ebj\u00eb investime strategjike, do vazhdoj\u00eb ta aplikoj\u00eb ligjin p\u00ebr investime strategjike q\u00eb \u00ebsht\u00eb i hapur p\u00ebr k\u00ebdo. Po t\u00eb shoh\u00ebsh t\u00eb ardhurat nga tatimet dhe doganat jan\u00eb n\u00eb rritje, gj\u00eb q\u00eb ju duhet ta g\u00ebzoni. Gjith\u00eb shtesa e t\u00eb ardhura shkon p\u00ebr investime publike dhe p\u00ebr paketa t\u00eb mundshme sociale, deklaroi ai.<\/p>\n","protected":false},"excerpt":{"rendered":"<p>Debate t\u00eb forta ka pasur n\u00eb seanc\u00ebn e sotme t\u00eb Kuvendit, mes z\u00ebvend\u00ebskryeministrit Arben Ahmetaj dhe deputetes s\u00eb PD-s\u00eb Jorida Tabaku, ku kjo e fundit e akuzoi socialistin p\u00ebr p\u00ebrfshirje n\u00eb afer\u00ebn e incenerator\u00ebve. \u201cNdoshta mund t\u00eb jem e paditur se nuk jemi t\u00eb gjith\u00eb m\u00ebsues anglishte q\u00eb m\u00ebsojm\u00eb Ekonomiks, por t\u00eb pakt\u00ebn zgjohem e [&hellip;]<\/p>\n","protected":false},"author":2020,"featured_media":257882,"comment_status":"closed","ping_status":"closed","sticky":false,"template":"","format":"standard","meta":{"footnotes":""},"categories":[241,5380,231],"tags":[],"class_list":{"0":"post-257881","1":"post","2":"type-post","3":"status-publish","4":"format-standard","5":"has-post-thumbnail","7":"category-aktualitet","8":"category-kryesore","9":"category-lajme"},"_links":{"self":[{"href":"https:\/\/zjarr.tv\/sq\/wp-json\/wp\/v2\/posts\/257881","targetHints":{"allow":["GET"]}}],"collection":[{"href":"https:\/\/zjarr.tv\/sq\/wp-json\/wp\/v2\/posts"}],"about":[{"href":"https:\/\/zjarr.tv\/sq\/wp-json\/wp\/v2\/types\/post"}],"author":[{"embeddable":true,"href":"https:\/\/zjarr.tv\/sq\/wp-json\/wp\/v2\/users\/2020"}],"replies":[{"embeddable":true,"href":"https:\/\/zjarr.tv\/sq\/wp-json\/wp\/v2\/comments?post=257881"}],"version-history":[{"count":0,"href":"https:\/\/zjarr.tv\/sq\/wp-json\/wp\/v2\/posts\/257881\/revisions"}],"wp:featuredmedia":[{"embeddable":true,"href":"https:\/\/zjarr.tv\/sq\/wp-json\/wp\/v2\/media\/257882"}],"wp:attachment":[{"href":"https:\/\/zjarr.tv\/sq\/wp-json\/wp\/v2\/media?parent=257881"}],"wp:term":[{"taxonomy":"category","embeddable":true,"href":"https:\/\/zjarr.tv\/sq\/wp-json\/wp\/v2\/categories?post=257881"},{"taxonomy":"post_tag","embeddable":true,"href":"https:\/\/zjarr.tv\/sq\/wp-json\/wp\/v2\/tags?post=257881"}],"curies":[{"name":"wp","href":"https:\/\/api.w.org\/{rel}","templated":true}]}}