{"id":257884,"date":"2022-05-12T14:55:58","date_gmt":"2022-05-12T12:55:58","guid":{"rendered":"https:\/\/zjarr.tv\/?p=257884"},"modified":"2022-05-12T14:55:58","modified_gmt":"2022-05-12T12:55:58","slug":"ps-e-ka-ne-adn-barazine-gjinore-balla-opozites-shpresoj-qe-tu-vijne-mendte-dhe-ta-votoni-marreveshjen-pa-nje-grua-e-burre-sbehet","status":"publish","type":"post","link":"https:\/\/zjarr.tv\/sq\/ps-e-ka-ne-adn-barazine-gjinore-balla-opozites-shpresoj-qe-tu-vijne-mendte-dhe-ta-votoni-marreveshjen-pa-nje-grua-e-burre-sbehet\/","title":{"rendered":"\u201cPS e ka n\u00eb ADN barazin\u00eb gjinore\u201d, Balla-opozit\u00ebs: Shpresoj q\u00eb t\u2019u vijn\u00eb mendt\u00eb dhe ta votoni marr\u00ebveshjen, pa nj\u00eb grua e burr\u00eb s\u2019b\u00ebhet\u2026"},"content":{"rendered":"<p>Kreu i Grupit Parlamentar t\u00eb PS,Taulant Balla, b\u00ebri thirrje q\u00eb t\u00eb votohet marr\u00ebveshja nd\u00ebrmjet K\u00ebshillit t\u00eb Ministrave t\u00eb Shqip\u00ebris\u00eb dhe Agjencis\u00eb Franceze p\u00ebr Zhvillim, p\u00ebr nj\u00eb hua t\u00eb bazuar n\u00eb politika p\u00ebr mb\u00ebshtetjen e barazis\u00eb gjinore. Ai tha n\u00eb seanc\u00ebn e sotme plenare se Partia Socialiste e ka n\u00eb ADN promovimin e barazis\u00eb gjinore. Balla nuk kurseu as ironin\u00eb p\u00ebr opozit\u00ebn, duke th\u00ebn\u00eb q\u00eb t\u00eb marrin disa modele nga socialist\u00ebt.<\/p>\n<p>\u201cK\u00ebto jan\u00eb lokomotiva kryesore. Agjencia Franceze p\u00ebr zhvillim \u00ebsht\u00eb certifikat\u00eb. PS promovimin e barazis\u00eb gjinore e ka ADN t\u00eb vet\u00ebn, Ne po e zgjerojm\u00eb k\u00ebt\u00eb, merrni model nga ne. Ne do ta votojm\u00eb marr\u00ebveshjen p\u00ebr\u00a0 k\u00ebt\u00eb. Shpresoj q\u00eb t\u00eb reflektoni deri n\u00eb or\u00ebn e duhur. Ishalla po u vijn\u00eb mendt\u00eb p\u00ebr ta votuar k\u00ebt\u00eb marr\u00ebveshje. Pa nj\u00eb burr\u00eb dhe pa nj\u00eb grua nuk b\u00ebhet sht\u00ebpia. E till\u00eb \u00ebsht\u00eb familja. Se \u00e7a pun\u00eb ka sterilizimi me marr\u00ebveshjen me Franc\u00ebn?!\u201d, u shpreh Balla.<\/p>\n<p>M\u00eb tej deputeti u ndal dhe tek aplikimi i qeveris\u00eb s\u00eb Kosov\u00ebs p\u00ebr p\u00ebr an\u00eb\u00ebtar\u00ebsim n\u00eb K\u00ebshillin e Europ\u00ebs, duke e p\u00ebrg\u00ebzuar dhe duke shtuar se Shqip\u00ebria mb\u00ebshtet t\u00eb gjitha an\u00ebtr\u00ebsimet e vendit fqinj.<\/p>\n<p>\u201cGjej rastin t\u00eb p\u00ebrsh\u00ebndes aplikimin e qeveris\u00eb s\u00eb Kosov\u00ebs p\u00ebr an\u00eb\u00ebtar\u00ebsim n\u00eb K\u00ebshillin e Europ\u00ebs dhe ka mb\u00ebshtetjen e plot\u00eb t\u00eb Shqip\u00ebris\u00eb. Urime Kosov\u00eb e dashur! \u00cbsht\u00eb koha e duhur q\u00eb t\u00eb mos ta vonojn\u00eb dhe Kosova t\u00eb jet\u00eb an\u00ebtare e K\u00ebshillit t\u00eb Europ\u00ebs, l\u00eb t\u00eb jet\u00eb ky hapi q\u00eb na \u00e7on n\u00eb Asamblen\u00eb e OKB. Shqip\u00ebria, si\u00e7 e tha Rama, mb\u00ebshtet t\u00eb gjitha an\u00ebtar\u00ebsimet e Kosov\u00ebs. Meq\u00ebn\u00ebse nj\u00eb njeri q\u00eb merret me djall\u00ebzira tha se ne nuk e d\u00ebnojm\u00eb genocidin serb, por ne e d\u00ebnojm\u00eb genocidin serb n\u00eb Kosov\u00eb dhe Srebrenic\u00eb.<\/p>\n<p>P\u00ebr k\u00ebt\u00eb do t\u00eb kemi nj\u00eb seanc\u00eb t\u00eb posacme n\u00eb 11 korrik, me nj\u00eb dokument q\u00eb t\u00eb p\u00ebrmbaj\u00eb t\u00eb gjith\u00eb nd\u00ebshkimin dhe masat q\u00eb duhet t\u00eb marr\u00eb Kuvendi i Shqip\u00ebris\u00eb dhe delegacionet e veta n\u00eb t\u00eb gjitha Asamblet\u00eb p\u00ebr t\u2019i q\u00ebndruar strikt q\u00ebndrimit se Shqip\u00ebria d\u00ebnon \u00e7do lloj forme genocidi, sepse ne jemi n\u00eb krahun e duhur t\u00eb historis\u00eb, ata q\u00eb vijn\u00eb nga bota e p\u00ebrtejme nuk i hyjn\u00eb n\u00eb pun\u00eb askujt\u201d, tha deputeti Balla.<\/p>\n","protected":false},"excerpt":{"rendered":"<p>Kreu i Grupit Parlamentar t\u00eb PS,Taulant Balla, b\u00ebri thirrje q\u00eb t\u00eb votohet marr\u00ebveshja nd\u00ebrmjet K\u00ebshillit t\u00eb Ministrave t\u00eb Shqip\u00ebris\u00eb dhe Agjencis\u00eb Franceze p\u00ebr Zhvillim, p\u00ebr nj\u00eb hua t\u00eb bazuar n\u00eb politika p\u00ebr mb\u00ebshtetjen e barazis\u00eb gjinore. Ai tha n\u00eb seanc\u00ebn e sotme plenare se Partia Socialiste e ka n\u00eb ADN promovimin e barazis\u00eb gjinore. Balla [&hellip;]<\/p>\n","protected":false},"author":2020,"featured_media":257885,"comment_status":"closed","ping_status":"closed","sticky":false,"template":"","format":"standard","meta":{"footnotes":""},"categories":[241,5380,231],"tags":[],"class_list":{"0":"post-257884","1":"post","2":"type-post","3":"status-publish","4":"format-standard","5":"has-post-thumbnail","7":"category-aktualitet","8":"category-kryesore","9":"category-lajme"},"_links":{"self":[{"href":"https:\/\/zjarr.tv\/sq\/wp-json\/wp\/v2\/posts\/257884","targetHints":{"allow":["GET"]}}],"collection":[{"href":"https:\/\/zjarr.tv\/sq\/wp-json\/wp\/v2\/posts"}],"about":[{"href":"https:\/\/zjarr.tv\/sq\/wp-json\/wp\/v2\/types\/post"}],"author":[{"embeddable":true,"href":"https:\/\/zjarr.tv\/sq\/wp-json\/wp\/v2\/users\/2020"}],"replies":[{"embeddable":true,"href":"https:\/\/zjarr.tv\/sq\/wp-json\/wp\/v2\/comments?post=257884"}],"version-history":[{"count":0,"href":"https:\/\/zjarr.tv\/sq\/wp-json\/wp\/v2\/posts\/257884\/revisions"}],"wp:featuredmedia":[{"embeddable":true,"href":"https:\/\/zjarr.tv\/sq\/wp-json\/wp\/v2\/media\/257885"}],"wp:attachment":[{"href":"https:\/\/zjarr.tv\/sq\/wp-json\/wp\/v2\/media?parent=257884"}],"wp:term":[{"taxonomy":"category","embeddable":true,"href":"https:\/\/zjarr.tv\/sq\/wp-json\/wp\/v2\/categories?post=257884"},{"taxonomy":"post_tag","embeddable":true,"href":"https:\/\/zjarr.tv\/sq\/wp-json\/wp\/v2\/tags?post=257884"}],"curies":[{"name":"wp","href":"https:\/\/api.w.org\/{rel}","templated":true}]}}