{"id":257887,"date":"2022-05-12T15:09:07","date_gmt":"2022-05-12T13:09:07","guid":{"rendered":"https:\/\/zjarr.tv\/?p=257887"},"modified":"2022-05-12T15:09:53","modified_gmt":"2022-05-12T13:09:53","slug":"basha-mberrin-me-5-ore-vonese-ne-kuvend-tabaku-i-kishte-zene-karrigen-me-xhakete","status":"publish","type":"post","link":"https:\/\/zjarr.tv\/sq\/basha-mberrin-me-5-ore-vonese-ne-kuvend-tabaku-i-kishte-zene-karrigen-me-xhakete\/","title":{"rendered":"Basha mb\u00ebrrin me 5 or\u00eb vones\u00eb n\u00eb Kuvend, Tabaku i kishte z\u00ebn\u00eb karrigen me xhaket\u00eb"},"content":{"rendered":"<p>Ish-kryedemokrati Lulzim Basha ka mb\u00ebrritur me pothuajse 5 or\u00eb vones\u00eb n\u00eb Kuvend, n\u00eb nj\u00eb koh\u00eb q\u00eb shumica e deputet\u00ebve jan\u00eb larguar prej aty p\u00ebr pushimin e drek\u00ebs.<\/p>\n<p>Si\u00e7 shihet dhe n\u00eb fotot e m\u00ebposhtme, Basha ka takuar disa prej deputet\u00ebve mb\u00ebshtet\u00ebs t\u00eb tij, nd\u00ebrkoh\u00eb q\u00eb karrigen ia kishte z\u00ebn\u00eb xhaketa e Jorida Tabakut.<\/p>\n<p>Kjo e fundit p\u00ebrsh\u00ebndeti p\u00ebrzem\u00ebrsisht Bash\u00ebn, i cili q\u00eb pas dor\u00ebheqjes nga kreu i PD-s\u00eb, \u00ebsht\u00eb shfaqur gjithnj\u00eb e m\u00eb rrall\u00eb n\u00eb sall\u00ebn e Kuvendit.<\/p>\n<p>Gjat\u00eb seanc\u00ebs s\u00eb sotme n\u00eb Kuvend, fillimisht pal\u00ebt u p\u00ebrfshin\u00eb n\u00eb debate t\u00eb forta sa i takon k\u00ebrkes\u00ebs s\u00eb deputet\u00ebve t\u00eb Rithemelimit, p\u00ebr t\u00eb votuar nj\u00eb rezolut\u00eb q\u00eb d\u00ebnon krimet serbe n\u00eb Bosnje.<\/p>\n","protected":false},"excerpt":{"rendered":"<p>Ish-kryedemokrati Lulzim Basha ka mb\u00ebrritur me pothuajse 5 or\u00eb vones\u00eb n\u00eb Kuvend, n\u00eb nj\u00eb koh\u00eb q\u00eb shumica e deputet\u00ebve jan\u00eb larguar prej aty p\u00ebr pushimin e drek\u00ebs. Si\u00e7 shihet dhe n\u00eb fotot e m\u00ebposhtme, Basha ka takuar disa prej deputet\u00ebve mb\u00ebshtet\u00ebs t\u00eb tij, nd\u00ebrkoh\u00eb q\u00eb karrigen ia kishte z\u00ebn\u00eb xhaketa e Jorida Tabakut. Kjo e [&hellip;]<\/p>\n","protected":false},"author":2020,"featured_media":257889,"comment_status":"closed","ping_status":"closed","sticky":false,"template":"","format":"standard","meta":{"footnotes":""},"categories":[241,5380,231],"tags":[],"class_list":{"0":"post-257887","1":"post","2":"type-post","3":"status-publish","4":"format-standard","5":"has-post-thumbnail","7":"category-aktualitet","8":"category-kryesore","9":"category-lajme"},"_links":{"self":[{"href":"https:\/\/zjarr.tv\/sq\/wp-json\/wp\/v2\/posts\/257887","targetHints":{"allow":["GET"]}}],"collection":[{"href":"https:\/\/zjarr.tv\/sq\/wp-json\/wp\/v2\/posts"}],"about":[{"href":"https:\/\/zjarr.tv\/sq\/wp-json\/wp\/v2\/types\/post"}],"author":[{"embeddable":true,"href":"https:\/\/zjarr.tv\/sq\/wp-json\/wp\/v2\/users\/2020"}],"replies":[{"embeddable":true,"href":"https:\/\/zjarr.tv\/sq\/wp-json\/wp\/v2\/comments?post=257887"}],"version-history":[{"count":0,"href":"https:\/\/zjarr.tv\/sq\/wp-json\/wp\/v2\/posts\/257887\/revisions"}],"wp:featuredmedia":[{"embeddable":true,"href":"https:\/\/zjarr.tv\/sq\/wp-json\/wp\/v2\/media\/257889"}],"wp:attachment":[{"href":"https:\/\/zjarr.tv\/sq\/wp-json\/wp\/v2\/media?parent=257887"}],"wp:term":[{"taxonomy":"category","embeddable":true,"href":"https:\/\/zjarr.tv\/sq\/wp-json\/wp\/v2\/categories?post=257887"},{"taxonomy":"post_tag","embeddable":true,"href":"https:\/\/zjarr.tv\/sq\/wp-json\/wp\/v2\/tags?post=257887"}],"curies":[{"name":"wp","href":"https:\/\/api.w.org\/{rel}","templated":true}]}}