{"id":257890,"date":"2022-05-12T15:14:06","date_gmt":"2022-05-12T13:14:06","guid":{"rendered":"https:\/\/zjarr.tv\/?p=257890"},"modified":"2022-05-12T15:14:06","modified_gmt":"2022-05-12T13:14:06","slug":"kapexhiu-thumbon-enkelejd-alibeajn-dhe-gazment-bardhin","status":"publish","type":"post","link":"https:\/\/zjarr.tv\/sq\/kapexhiu-thumbon-enkelejd-alibeajn-dhe-gazment-bardhin\/","title":{"rendered":"Kapexhiu \u2018thumbon\u2019 Enkelejd Alibeajn dhe Gazment Bardhin"},"content":{"rendered":"<p>Bujar Kapexhiu ka \u2018thumbuar\u2019 s\u00ebrish dy plangprish\u00ebsit e PD-s\u00eb, Enkelejd Alibeaj dhe Gazment Bardhin.<\/p>\n<p>Me an\u00eb t\u00eb nj\u00eb karikature, Kapexhiu ka ilustruar pun\u00ebn anti-PD t\u00eb dy deputet\u00ebve t\u00eb cil\u00ebt jan\u00eb duke zbatuar \u2018porosit\u00eb\u2019 e Lulzim Bash\u00ebs, i cili edhe pse ka ikur nga drejtimi i PD-s\u00eb, vazhdon t\u00eb mbaj\u00eb peng disa prej deputet\u00ebve.<\/p>\n<p>Kapexhiu me an\u00eb t\u00eb karikatur\u00ebs s\u00eb tij, duket se propozon q\u00eb dy deputet\u00ebt plangprish\u00ebs edhe pse jan\u00eb t\u00eb shkarkuar nga detyrat q\u00eb mbanin m\u00eb her\u00ebt, vazhdojn\u00eb dhe t\u00eb sillen sikur jan\u00eb ende t\u00eb em\u00ebruar.<\/p>\n<p><img loading=\"lazy\" decoding=\"async\" class=\"alignnone size-medium wp-image-257891\" src=\"https:\/\/zjarr.tv\/wp-content\/uploads\/2022\/05\/Untitled-design-13-10-300x169.jpg\" alt=\"\" width=\"300\" height=\"169\" srcset=\"https:\/\/zjarr.tv\/wp-content\/uploads\/2022\/05\/Untitled-design-13-10-300x169.jpg 300w, https:\/\/zjarr.tv\/wp-content\/uploads\/2022\/05\/Untitled-design-13-10-1024x576.jpg 1024w, https:\/\/zjarr.tv\/wp-content\/uploads\/2022\/05\/Untitled-design-13-10-768x432.jpg 768w, https:\/\/zjarr.tv\/wp-content\/uploads\/2022\/05\/Untitled-design-13-10-1536x864.jpg 1536w, https:\/\/zjarr.tv\/wp-content\/uploads\/2022\/05\/Untitled-design-13-10-696x392.jpg 696w, https:\/\/zjarr.tv\/wp-content\/uploads\/2022\/05\/Untitled-design-13-10-1068x601.jpg 1068w, https:\/\/zjarr.tv\/wp-content\/uploads\/2022\/05\/Untitled-design-13-10-747x420.jpg 747w, https:\/\/zjarr.tv\/wp-content\/uploads\/2022\/05\/Untitled-design-13-10.jpg 1920w\" sizes=\"auto, (max-width: 300px) 100vw, 300px\" \/><\/p>\n","protected":false},"excerpt":{"rendered":"<p>Bujar Kapexhiu ka \u2018thumbuar\u2019 s\u00ebrish dy plangprish\u00ebsit e PD-s\u00eb, Enkelejd Alibeaj dhe Gazment Bardhin. Me an\u00eb t\u00eb nj\u00eb karikature, Kapexhiu ka ilustruar pun\u00ebn anti-PD t\u00eb dy deputet\u00ebve t\u00eb cil\u00ebt jan\u00eb duke zbatuar \u2018porosit\u00eb\u2019 e Lulzim Bash\u00ebs, i cili edhe pse ka ikur nga drejtimi i PD-s\u00eb, vazhdon t\u00eb mbaj\u00eb peng disa prej deputet\u00ebve. Kapexhiu me [&hellip;]<\/p>\n","protected":false},"author":2020,"featured_media":257892,"comment_status":"closed","ping_status":"closed","sticky":false,"template":"","format":"standard","meta":{"footnotes":""},"categories":[241,5380,231],"tags":[],"class_list":{"0":"post-257890","1":"post","2":"type-post","3":"status-publish","4":"format-standard","5":"has-post-thumbnail","7":"category-aktualitet","8":"category-kryesore","9":"category-lajme"},"_links":{"self":[{"href":"https:\/\/zjarr.tv\/sq\/wp-json\/wp\/v2\/posts\/257890","targetHints":{"allow":["GET"]}}],"collection":[{"href":"https:\/\/zjarr.tv\/sq\/wp-json\/wp\/v2\/posts"}],"about":[{"href":"https:\/\/zjarr.tv\/sq\/wp-json\/wp\/v2\/types\/post"}],"author":[{"embeddable":true,"href":"https:\/\/zjarr.tv\/sq\/wp-json\/wp\/v2\/users\/2020"}],"replies":[{"embeddable":true,"href":"https:\/\/zjarr.tv\/sq\/wp-json\/wp\/v2\/comments?post=257890"}],"version-history":[{"count":0,"href":"https:\/\/zjarr.tv\/sq\/wp-json\/wp\/v2\/posts\/257890\/revisions"}],"wp:featuredmedia":[{"embeddable":true,"href":"https:\/\/zjarr.tv\/sq\/wp-json\/wp\/v2\/media\/257892"}],"wp:attachment":[{"href":"https:\/\/zjarr.tv\/sq\/wp-json\/wp\/v2\/media?parent=257890"}],"wp:term":[{"taxonomy":"category","embeddable":true,"href":"https:\/\/zjarr.tv\/sq\/wp-json\/wp\/v2\/categories?post=257890"},{"taxonomy":"post_tag","embeddable":true,"href":"https:\/\/zjarr.tv\/sq\/wp-json\/wp\/v2\/tags?post=257890"}],"curies":[{"name":"wp","href":"https:\/\/api.w.org\/{rel}","templated":true}]}}