{"id":257897,"date":"2022-05-12T15:34:10","date_gmt":"2022-05-12T13:34:10","guid":{"rendered":"https:\/\/zjarr.tv\/?p=257897"},"modified":"2022-05-12T16:19:52","modified_gmt":"2022-05-12T14:19:52","slug":"ne-8-qershor-nisim-majlinda-bregu-zbulon-cfare-ndodhi-sot-ne-tirane-dhe-jep-lajmin-e-mire-per-gjithe-shqiptaret","status":"publish","type":"post","link":"https:\/\/zjarr.tv\/sq\/ne-8-qershor-nisim-majlinda-bregu-zbulon-cfare-ndodhi-sot-ne-tirane-dhe-jep-lajmin-e-mire-per-gjithe-shqiptaret\/","title":{"rendered":"\u201cN\u00eb 8 qershor nisim\u201d, Majlinda Bregu zbulon \u00e7far\u00eb ndodhi sot n\u00eb Tiran\u00eb dhe jep lajmin e mir\u00eb p\u00ebr gjith\u00eb shqiptar\u00ebt"},"content":{"rendered":"<p>Sekretarja e P\u00ebrgjithshme e K\u00ebshillit t\u00eb Bashk\u00ebpunimit Rajonal Majlinda Bregu, n\u00ebp\u00ebrmjet nj\u00eb postimi n\u00eb rrjete sociale se sot \u00ebsht\u00eb zhvilluar nj\u00eb takim mes ministrave t\u00eb Turizmit t\u00eb Ballkanit Per\u00ebndimor n\u00eb Tiran\u00eb. Bregu b\u00ebn t\u00eb ditur gjithashtu q\u00eb n\u00eb 8 qershor do t\u00eb nisin proceduar p\u00ebr \u2018freeroaming\u2019 me Europ\u00ebn.<\/p>\n<p>Postimi i plot\u00eb:<\/p>\n<p>\u201cT\u00eb l\u00ebviz\u00ebsh, t\u00eb marr\u00ebsh frym\u00eb, t\u00eb fluturosh, t\u00eb lundrosh,<\/p>\n<p>T\u00eb marr\u00ebsh gjithcka nd\u00ebrkoh q\u00eb jep,<\/p>\n<p>T\u00eb ec\u00ebsh rrug\u00ebve t\u00eb vendeve t\u00eb larg\u00ebta,<\/p>\n<p>T\u00eb udh\u00ebtosh \u00ebsht\u00eb t\u00eb jetosh,-thoshte Hans Kristian Andersen.<\/p>\n<p>E k\u00ebnaqur q\u00eb sot mblodh?m n\u00eb #tirane, Ministrat e Turizmit t\u00eb Ballkanit Per\u00ebndimor.<\/p>\n<p>Heqja e Barrierave mes nesh \u00ebsht\u00eb hapi kryesor p\u00ebr t\u00eb vendosur #ballkaninperendimor n\u00eb hart\u00ebn turistike t\u00eb bot\u00ebs<\/p>\n<p>Vjet hoq\u00ebm #roaming mes nesh.<\/p>\n<p>N\u00eb 8 qershor nisim pro\u00e7esin per #freeroaming me Europen<\/p>\n<p>Turizmi p\u00ebrb\u00ebn 10.2% t\u00eb PPB-s\u00eb s\u00eb rajonit dhe \u00ebsht\u00eb nj\u00eb nga sektor\u00ebt m\u00eb t\u00eb m\u00ebdhenj t\u00eb pun\u00ebsimit me 11,4% t\u00eb totalit.<\/p>\n<p>Gjat\u00eb pandemis\u00eb filluam t\u00eb njohim m\u00eb shum\u00eb turizmin me fqinj\u00ebt n\u00eb rajon. Vet\u00ebm n\u00eb 2021 ???????? \u00ebsht\u00eb vizituar nga 5.7 milione dhe shumica e tyre ishin nga vendet fqinje.Promovim, zhvillim ekonomik, inovacione digjitale, kultur\u00eb, art, kulinari etj, jan\u00eb p\u00ebrb\u00ebr\u00ebsit e menus\u00eb turistike q\u00eb e kthen rajonin n\u00eb nj\u00eb atraksion fitimprur\u00ebs\u201d tha ajo.<\/p>\n","protected":false},"excerpt":{"rendered":"<p>Sekretarja e P\u00ebrgjithshme e K\u00ebshillit t\u00eb Bashk\u00ebpunimit Rajonal Majlinda Bregu, n\u00ebp\u00ebrmjet nj\u00eb postimi n\u00eb rrjete sociale se sot \u00ebsht\u00eb zhvilluar nj\u00eb takim mes ministrave t\u00eb Turizmit t\u00eb Ballkanit Per\u00ebndimor n\u00eb Tiran\u00eb. Bregu b\u00ebn t\u00eb ditur gjithashtu q\u00eb n\u00eb 8 qershor do t\u00eb nisin proceduar p\u00ebr \u2018freeroaming\u2019 me Europ\u00ebn. Postimi i plot\u00eb: \u201cT\u00eb l\u00ebviz\u00ebsh, t\u00eb marr\u00ebsh [&hellip;]<\/p>\n","protected":false},"author":2020,"featured_media":161344,"comment_status":"closed","ping_status":"closed","sticky":false,"template":"","format":"standard","meta":{"footnotes":""},"categories":[241,5380,231],"tags":[],"class_list":{"0":"post-257897","1":"post","2":"type-post","3":"status-publish","4":"format-standard","5":"has-post-thumbnail","7":"category-aktualitet","8":"category-kryesore","9":"category-lajme"},"_links":{"self":[{"href":"https:\/\/zjarr.tv\/sq\/wp-json\/wp\/v2\/posts\/257897","targetHints":{"allow":["GET"]}}],"collection":[{"href":"https:\/\/zjarr.tv\/sq\/wp-json\/wp\/v2\/posts"}],"about":[{"href":"https:\/\/zjarr.tv\/sq\/wp-json\/wp\/v2\/types\/post"}],"author":[{"embeddable":true,"href":"https:\/\/zjarr.tv\/sq\/wp-json\/wp\/v2\/users\/2020"}],"replies":[{"embeddable":true,"href":"https:\/\/zjarr.tv\/sq\/wp-json\/wp\/v2\/comments?post=257897"}],"version-history":[{"count":0,"href":"https:\/\/zjarr.tv\/sq\/wp-json\/wp\/v2\/posts\/257897\/revisions"}],"wp:featuredmedia":[{"embeddable":true,"href":"https:\/\/zjarr.tv\/sq\/wp-json\/wp\/v2\/media\/161344"}],"wp:attachment":[{"href":"https:\/\/zjarr.tv\/sq\/wp-json\/wp\/v2\/media?parent=257897"}],"wp:term":[{"taxonomy":"category","embeddable":true,"href":"https:\/\/zjarr.tv\/sq\/wp-json\/wp\/v2\/categories?post=257897"},{"taxonomy":"post_tag","embeddable":true,"href":"https:\/\/zjarr.tv\/sq\/wp-json\/wp\/v2\/tags?post=257897"}],"curies":[{"name":"wp","href":"https:\/\/api.w.org\/{rel}","templated":true}]}}