{"id":257983,"date":"2022-05-13T07:07:59","date_gmt":"2022-05-13T05:07:59","guid":{"rendered":"https:\/\/zjarr.tv\/?p=257983"},"modified":"2022-05-13T07:07:59","modified_gmt":"2022-05-13T05:07:59","slug":"rezoluta-per-srebrenicen-berisha-publikon-foton-e-rames-si-veshka-mes-padronit-supergrata-dhe-vellait-non-grata","status":"publish","type":"post","link":"https:\/\/zjarr.tv\/sq\/rezoluta-per-srebrenicen-berisha-publikon-foton-e-rames-si-veshka-mes-padronit-supergrata-dhe-vellait-non-grata\/","title":{"rendered":"Rezoluta p\u00ebr Srebrenic\u00ebn, Berisha publikon foton e Ram\u00ebs: Si veshka mes padronit \u201csupergrata\u201d dhe v\u00ebllait \u201cnon grata\u201d"},"content":{"rendered":"<p>Sali Berisha i \u00ebsht\u00eb p\u00ebrgjigjur kryeministrit Edi Rama, pasi ky i fundit tha se rezoluta p\u00ebr Srebrenic\u00ebn e paraqitur sot n\u00eb Kuvend ishte e papritur. Berisha thot\u00eb se rezoluta \u00ebhst\u00eb depozituar sipas t\u00eb gjitha afateve kohore, dhe t\u00eb gjith\u00eb deputet\u00ebt kan\u00eb patur koh\u00ebn e mjaftueshme p\u00ebr ta shqyrtuar.<\/p>\n<p>Ai ka publikuar edhe foton e Ram\u00ebs krah Presidentit serb Aleksand\u00ebr Vu\u00e7i\u00e7 dhe Milorad Dodik, liderin serb t\u00eb Bosnjes, teksa shkruan se kryeministri shqiptar \u00ebsht\u00eb \u201csi veshka mes dhjamit mes padronit supergrata dhe v\u00ebllait non grata\u201d.<\/p>\n<p>\u201cSi veshka midis padronit supergrata dhe vellait nongrata!<\/p>\n<p>Lidhur me deklaraten e Edi Rames per refuzimin nga ana e tij dhe pseudomazhorances se tij te rezolutes per denimin e genocidit serb ne Bosnje, sqaroj sa vijon:<\/p>\n<p>Pretendimi i Edi Rames se paraqitja e rezolutes ishte e papritur eshte nje genjeshter e denje vetem per ate.<\/p>\n<p>Rezoluta per denimin e genocidit ne Bosnje eshte depozituar sipas te gjitha afateve kohore qe percakton rregullorja e Parlamentit, eshte shqyrtuar ne kryesine e parlamentit dhe eshte vendosur ti paraqitej sot seances plenare.<\/p>\n<p>Perfaqesuesit e PS, shumice ne kryesine e Parlamentit kane refuzuar ne kryesi dhe kane votuar me ndergjegje te nxire kunder rezolutes.<\/p>\n<p>Keshtu Edi Rama dhe grupi i tij parlamentar kane patur te gjithe kohen e mjaftueshme qe parashikon regullorja e parlamentit per shqyrtimin e kesaj rezolute, por kane vendosur ne nje akt \u00e7njerezor dhe antikombetar qe te votojne kunder saj me urdher te Aleksander Vu\u00e7i\u00e7. Kjo rezolute eshte miratuar ne Parlamentin Europian, Kongresin e SHBA.<\/p>\n<p>Shtojme ketu se me pare Edi Rama dhe grupi i tij parlamentar kane votuar me vetedije te plote kunder debatit me mocion per Ballkanin e Hapur dhe rezolutes se grupit parlamentar te PD per denimin e genocidit rus ne Ukraine\u201d, shkruan Berisha.<\/p>\n","protected":false},"excerpt":{"rendered":"<p>Sali Berisha i \u00ebsht\u00eb p\u00ebrgjigjur kryeministrit Edi Rama, pasi ky i fundit tha se rezoluta p\u00ebr Srebrenic\u00ebn e paraqitur sot n\u00eb Kuvend ishte e papritur. Berisha thot\u00eb se rezoluta \u00ebhst\u00eb depozituar sipas t\u00eb gjitha afateve kohore, dhe t\u00eb gjith\u00eb deputet\u00ebt kan\u00eb patur koh\u00ebn e mjaftueshme p\u00ebr ta shqyrtuar. Ai ka publikuar edhe foton e Ram\u00ebs [&hellip;]<\/p>\n","protected":false},"author":2031,"featured_media":257984,"comment_status":"closed","ping_status":"closed","sticky":false,"template":"","format":"standard","meta":{"footnotes":""},"categories":[241,231,235],"tags":[],"class_list":{"0":"post-257983","1":"post","2":"type-post","3":"status-publish","4":"format-standard","5":"has-post-thumbnail","7":"category-aktualitet","8":"category-lajme","9":"category-vendi"},"_links":{"self":[{"href":"https:\/\/zjarr.tv\/sq\/wp-json\/wp\/v2\/posts\/257983","targetHints":{"allow":["GET"]}}],"collection":[{"href":"https:\/\/zjarr.tv\/sq\/wp-json\/wp\/v2\/posts"}],"about":[{"href":"https:\/\/zjarr.tv\/sq\/wp-json\/wp\/v2\/types\/post"}],"author":[{"embeddable":true,"href":"https:\/\/zjarr.tv\/sq\/wp-json\/wp\/v2\/users\/2031"}],"replies":[{"embeddable":true,"href":"https:\/\/zjarr.tv\/sq\/wp-json\/wp\/v2\/comments?post=257983"}],"version-history":[{"count":0,"href":"https:\/\/zjarr.tv\/sq\/wp-json\/wp\/v2\/posts\/257983\/revisions"}],"wp:featuredmedia":[{"embeddable":true,"href":"https:\/\/zjarr.tv\/sq\/wp-json\/wp\/v2\/media\/257984"}],"wp:attachment":[{"href":"https:\/\/zjarr.tv\/sq\/wp-json\/wp\/v2\/media?parent=257983"}],"wp:term":[{"taxonomy":"category","embeddable":true,"href":"https:\/\/zjarr.tv\/sq\/wp-json\/wp\/v2\/categories?post=257983"},{"taxonomy":"post_tag","embeddable":true,"href":"https:\/\/zjarr.tv\/sq\/wp-json\/wp\/v2\/tags?post=257983"}],"curies":[{"name":"wp","href":"https:\/\/api.w.org\/{rel}","templated":true}]}}