{"id":258015,"date":"2022-05-13T07:36:15","date_gmt":"2022-05-13T05:36:15","guid":{"rendered":"https:\/\/zjarr.tv\/?p=258015"},"modified":"2022-05-13T07:36:15","modified_gmt":"2022-05-13T05:36:15","slug":"deklarata-e-forte-e-vangjelit-2-njerez-prane-berishes-do-perballen-fort-me-drejtesine-ne-tirane-jane-terhequr-6-milione-euro-nga-nje-banke","status":"publish","type":"post","link":"https:\/\/zjarr.tv\/sq\/deklarata-e-forte-e-vangjelit-2-njerez-prane-berishes-do-perballen-fort-me-drejtesine-ne-tirane-jane-terhequr-6-milione-euro-nga-nje-banke\/","title":{"rendered":"Deklarata e fort\u00eb e Vangjelit: 2 njer\u00ebz pran\u00eb Berish\u00ebs do p\u00ebrballen fort me drejt\u00ebsin\u00eb, n\u00eb Tiran\u00eb jan\u00eb t\u00ebrhequr 6 milion\u00eb euro nga nj\u00eb bank\u00eb"},"content":{"rendered":"<p>Analisti Lorenc Vangjeli ka b\u00ebr\u00eb nj\u00eb deklarat\u00eb t\u00eb fort\u00eb mbr\u00ebmjen e sotme, pasi u shpreh se 2 njer\u00ebz af\u00ebr Sali berish\u00ebs do t\u00eb ken\u00eb nj\u00eb p\u00ebrballje t\u00eb fort\u00eb me drejt\u00ebsin\u00eb.<\/p>\n<p>Sipas tij, n\u00eb nj\u00eb bank\u00eb t\u00eb nivelit t\u00eb dyt\u00eb n\u00eb Tiran\u00eb jan\u00eb t\u00ebrhequr 6 milion\u00eb euro, t\u00eb cilat nuk dihen se ku kan\u00eb p\u00ebrfunduar.<\/p>\n<p>Pjes\u00eb nga diskutimi n\u00eb Abc.<\/p>\n<p>Vangjeli: N\u00eb rastin e nj\u00eb politikani tjet\u00ebr, nj\u00eb deputet, n\u00eb momentin q\u00eb u shpall non-grata pati nj\u00eb deklarata\u00eb t\u00eb ambasad\u00ebs e cila thot\u00eb, n\u00ebse organet ligjzbatuese do t\u00eb k\u00ebrkojn\u00eb materiale ne do ua dor\u00ebzojm\u00eb atyre.<\/p>\n<p>Minxhozi: Eskobari e ka th\u00ebn\u00eb dhe p\u00ebr Berish\u00ebn.<\/p>\n<p>Vangjeli: E dyta \u00ebsht\u00eb th\u00ebn\u00eb po nga ambasada amerikane p\u00ebr Berish\u00ebn. N\u00ebse SPAK nuk ka trokitur t\u00eb k\u00ebrkoj\u00eb fakte, prova t\u00eb cilat kryeministri nuk i merr dot \u00ebsht\u00eb n\u00eb shkelje t\u00eb ligjit. Un\u00eb nuk mendoj se \u00ebsht\u00eb k\u00ebshtu, ndoshta duhet t\u00eb presim. Per\u00ebndia nuk \u00ebsht\u00eb si mace dhe drejt\u00ebsia nuk \u00ebsht\u00eb k\u00ebshtu. E fundit n\u00eb Tiran\u00eb kan\u00eb filluar t\u00eb ken\u00eb ide t\u00eb qart\u00eb se ku kan\u00eb p\u00ebrfunduar nja 6 milion\u00eb euro t\u00eb t\u00ebrhequra n\u00eb nj\u00eb bank\u00eb.<\/p>\n<p>Xhafo: Ku kan\u00eb p\u00ebrfunduar?<\/p>\n<p>Vangjeli: Ka nj\u00eb hetim i cili \u00ebsht\u00eb shterues p\u00ebr nj\u00eb rast pastrimi parash. Dy personazhe shum\u00eb af\u00ebr zotit Berisha mund t\u00eb ken\u00eb nj\u00eb p\u00ebrballe shum\u00eb t\u00eb ashp\u00ebr me drejt\u00ebsin\u00eb. Karma rikthehet gjithmon\u00eb.<\/p>\n","protected":false},"excerpt":{"rendered":"<p>Analisti Lorenc Vangjeli ka b\u00ebr\u00eb nj\u00eb deklarat\u00eb t\u00eb fort\u00eb mbr\u00ebmjen e sotme, pasi u shpreh se 2 njer\u00ebz af\u00ebr Sali berish\u00ebs do t\u00eb ken\u00eb nj\u00eb p\u00ebrballje t\u00eb fort\u00eb me drejt\u00ebsin\u00eb. Sipas tij, n\u00eb nj\u00eb bank\u00eb t\u00eb nivelit t\u00eb dyt\u00eb n\u00eb Tiran\u00eb jan\u00eb t\u00ebrhequr 6 milion\u00eb euro, t\u00eb cilat nuk dihen se ku kan\u00eb p\u00ebrfunduar. Pjes\u00eb [&hellip;]<\/p>\n","protected":false},"author":2031,"featured_media":258016,"comment_status":"closed","ping_status":"closed","sticky":false,"template":"","format":"standard","meta":{"footnotes":""},"categories":[241,231,235],"tags":[],"class_list":{"0":"post-258015","1":"post","2":"type-post","3":"status-publish","4":"format-standard","5":"has-post-thumbnail","7":"category-aktualitet","8":"category-lajme","9":"category-vendi"},"_links":{"self":[{"href":"https:\/\/zjarr.tv\/sq\/wp-json\/wp\/v2\/posts\/258015","targetHints":{"allow":["GET"]}}],"collection":[{"href":"https:\/\/zjarr.tv\/sq\/wp-json\/wp\/v2\/posts"}],"about":[{"href":"https:\/\/zjarr.tv\/sq\/wp-json\/wp\/v2\/types\/post"}],"author":[{"embeddable":true,"href":"https:\/\/zjarr.tv\/sq\/wp-json\/wp\/v2\/users\/2031"}],"replies":[{"embeddable":true,"href":"https:\/\/zjarr.tv\/sq\/wp-json\/wp\/v2\/comments?post=258015"}],"version-history":[{"count":0,"href":"https:\/\/zjarr.tv\/sq\/wp-json\/wp\/v2\/posts\/258015\/revisions"}],"wp:featuredmedia":[{"embeddable":true,"href":"https:\/\/zjarr.tv\/sq\/wp-json\/wp\/v2\/media\/258016"}],"wp:attachment":[{"href":"https:\/\/zjarr.tv\/sq\/wp-json\/wp\/v2\/media?parent=258015"}],"wp:term":[{"taxonomy":"category","embeddable":true,"href":"https:\/\/zjarr.tv\/sq\/wp-json\/wp\/v2\/categories?post=258015"},{"taxonomy":"post_tag","embeddable":true,"href":"https:\/\/zjarr.tv\/sq\/wp-json\/wp\/v2\/tags?post=258015"}],"curies":[{"name":"wp","href":"https:\/\/api.w.org\/{rel}","templated":true}]}}