{"id":258576,"date":"2022-05-15T17:42:20","date_gmt":"2022-05-15T15:42:20","guid":{"rendered":"https:\/\/zjarr.tv\/?p=258576"},"modified":"2022-05-15T17:42:20","modified_gmt":"2022-05-15T15:42:20","slug":"zgjedhjet-per-kreun-e-pd-se-berisha-takon-qytetaret-ne-lezhe-kombi-po-shkon-drejt-shkretimit-misioni-yne-eshte","status":"publish","type":"post","link":"https:\/\/zjarr.tv\/sq\/zgjedhjet-per-kreun-e-pd-se-berisha-takon-qytetaret-ne-lezhe-kombi-po-shkon-drejt-shkretimit-misioni-yne-eshte\/","title":{"rendered":"Zgjedhjet p\u00ebr kreun e PD-s\u00eb\/ Berisha takon qytetar\u00ebt n\u00eb Lezh\u00eb: Kombi po shkon drejt shkretimit, misioni yn\u00eb \u00ebsht\u00eb\u2026"},"content":{"rendered":"<p>Ish-kryeministri Sali Berisha, pasditen e s\u00eb diel\u00ebs ka zhvilluar nj\u00eb takim me demokrat\u00ebt e Lezh\u00ebs n\u00eb kuad\u00ebr t\u00eb fushat\u00ebs p\u00ebr zgjedhjen e kreut t\u00eb ri t\u00eb PD, zgjedhje t\u00eb cilat do t\u00eb zhvillohen t\u00eb diel\u00ebn e ardhme.<\/p>\n<p>N\u00eb fjal\u00ebn e tij Berisha tha se l\u00ebvizja e demokrat\u00ebve e nisur n\u00eb gjysm\u00ebn e dyt\u00eb t\u00eb vitit t\u00eb kaluar, rikthyen n\u00eb Shqip\u00ebri opozit\u00ebn e v\u00ebrtet\u00eb.<\/p>\n<p>Sipas tij pavar\u00ebsisht se kishin kund\u00ebr opozit\u00ebn falso, qeverin\u00eb dhe Xhorxh Sorosin, demokrat\u00ebt ja dol\u00ebn mban\u00eb.<\/p>\n<p>\u201cJu jeni n\u00eb nj\u00eb mision fisnik, ndoshta edhe m\u00eb t\u00eb madhin e jet\u00ebs tuaj. N\u00eb vitin 90-t\u00eb, ne e p\u00ebrmbys\u00ebm komunizmin bashk\u00ebrisht, dhe ai ishte nj\u00eb mision historik, por ishte dhe nj\u00eb destinacion hiostorik, kurse n\u00eb gjysm\u00ebn e dyt\u00eb t\u00eb vitit 21 dhe deri sot, ne ringjall\u00ebm i rikthyem vendin opozit\u00ebn e v\u00ebrtet\u00eb, i rikthyem pluralizmin, rikthyem n\u00eb jet\u00eb ashtu si\u00e7 duhet t\u00eb ishte si forc\u00eb politike opozita Partin\u00eb demokratike. N\u00eb k\u00ebt\u00eb rrug\u00eb ne kishim v\u00ebshtir\u00ebsi t\u00eb jasht\u00ebzakonshme, dhe forca e vetme q\u00eb ne kishim ishte forcva e idealeve tona. Ne kishim kund\u00ebr nj\u00eb qeveri q\u00eb nuk ka ligj as moral se n\u00eb nj\u00eb vend demokrat kurr nj\u00eb qeveri nuk mendon t\u00eb marr\u00eb peng opozit\u00ebn. Ne kishim kund\u00ebr nj\u00eb pseudo-opozit\u00eb e cila sh\u00ebrbehej n\u00eb t\u00eb gjitha m\u00ebnyrat nga qeveria. Fatkeq\u00ebsisht ne kishim kund\u00ebr, ndoshta mafein m\u00eb t\u00eb rrezikshme nd\u00ebrkomb\u00ebtare at\u00eb t\u00eb Xhorxh Sorosit, censura, k\u00ebrc\u00ebnime nga m\u00eb t\u00eb shumtat u b\u00ebn\u00eb ndaj jush. D\u00ebshtuan deklarata e p\u00ebrs\u00ebritura t\u00eb guvernatores, e cila jasht\u00eb \u00e7do lloj parimi, n\u00eb \u00e7do hap t\u00eb r\u00ebnd\u00ebsish\u00ebm q\u00eb b\u00ebnin do t\u00eb b\u00ebnte nj\u00eb deklarat\u00eb p\u00ebr tu dekurajuar ju. N\u00eb t\u00eb gjitha k\u00ebto kushte ne arrit\u00ebm n\u00eb nj\u00eb betej\u00eb epike, demokratike kund\u00ebr autokracis\u00eb\u201d, tha Berisha.<\/p>\n","protected":false},"excerpt":{"rendered":"<p>Ish-kryeministri Sali Berisha, pasditen e s\u00eb diel\u00ebs ka zhvilluar nj\u00eb takim me demokrat\u00ebt e Lezh\u00ebs n\u00eb kuad\u00ebr t\u00eb fushat\u00ebs p\u00ebr zgjedhjen e kreut t\u00eb ri t\u00eb PD, zgjedhje t\u00eb cilat do t\u00eb zhvillohen t\u00eb diel\u00ebn e ardhme. N\u00eb fjal\u00ebn e tij Berisha tha se l\u00ebvizja e demokrat\u00ebve e nisur n\u00eb gjysm\u00ebn e dyt\u00eb t\u00eb vitit [&hellip;]<\/p>\n","protected":false},"author":2030,"featured_media":258577,"comment_status":"closed","ping_status":"closed","sticky":false,"template":"","format":"standard","meta":{"footnotes":""},"categories":[241,3366,5380,231,1454],"tags":[],"class_list":{"0":"post-258576","1":"post","2":"type-post","3":"status-publish","4":"format-standard","5":"has-post-thumbnail","7":"category-aktualitet","8":"category-koment","9":"category-kryesore","10":"category-lajme","11":"category-politike"},"_links":{"self":[{"href":"https:\/\/zjarr.tv\/sq\/wp-json\/wp\/v2\/posts\/258576","targetHints":{"allow":["GET"]}}],"collection":[{"href":"https:\/\/zjarr.tv\/sq\/wp-json\/wp\/v2\/posts"}],"about":[{"href":"https:\/\/zjarr.tv\/sq\/wp-json\/wp\/v2\/types\/post"}],"author":[{"embeddable":true,"href":"https:\/\/zjarr.tv\/sq\/wp-json\/wp\/v2\/users\/2030"}],"replies":[{"embeddable":true,"href":"https:\/\/zjarr.tv\/sq\/wp-json\/wp\/v2\/comments?post=258576"}],"version-history":[{"count":0,"href":"https:\/\/zjarr.tv\/sq\/wp-json\/wp\/v2\/posts\/258576\/revisions"}],"wp:featuredmedia":[{"embeddable":true,"href":"https:\/\/zjarr.tv\/sq\/wp-json\/wp\/v2\/media\/258577"}],"wp:attachment":[{"href":"https:\/\/zjarr.tv\/sq\/wp-json\/wp\/v2\/media?parent=258576"}],"wp:term":[{"taxonomy":"category","embeddable":true,"href":"https:\/\/zjarr.tv\/sq\/wp-json\/wp\/v2\/categories?post=258576"},{"taxonomy":"post_tag","embeddable":true,"href":"https:\/\/zjarr.tv\/sq\/wp-json\/wp\/v2\/tags?post=258576"}],"curies":[{"name":"wp","href":"https:\/\/api.w.org\/{rel}","templated":true}]}}