{"id":258580,"date":"2022-05-15T18:20:57","date_gmt":"2022-05-15T16:20:57","guid":{"rendered":"https:\/\/zjarr.tv\/?p=258580"},"modified":"2022-05-15T18:20:57","modified_gmt":"2022-05-15T16:20:57","slug":"lul-basha-e-gaz-bardhi-jane-lepuj-ne-i-hame-me-dhembe-ish-oficeri-i-gardes-i-drejtohet-berishes-fatkeqesisht-te-dua-me-shume-se-femijet-e-mi","status":"publish","type":"post","link":"https:\/\/zjarr.tv\/sq\/lul-basha-e-gaz-bardhi-jane-lepuj-ne-i-hame-me-dhembe-ish-oficeri-i-gardes-i-drejtohet-berishes-fatkeqesisht-te-dua-me-shume-se-femijet-e-mi\/","title":{"rendered":"\u201cLul Basha e Gaz Bardhi jan\u00eb lepuj, ne i ham\u00eb me dh\u00ebmb\u00eb\u201d- Ish-oficeri i Gard\u00ebs i drejtohet Berish\u00ebs: Fatkeq\u00ebsisht t\u00eb dua m\u00eb shum\u00eb se f\u00ebmij\u00ebt e mi"},"content":{"rendered":"<p>Ish-kryeministri Sali Berisha ishte sot n\u00eb Lezh\u00eb, ku u takua me demokrat\u00ebt n\u00eb kuad\u00ebr t\u00eb fushat\u00ebs s\u00eb tij p\u00ebr zgjedhjen e kreut t\u00eb PD. Berisha zhvilloi edhe nj\u00eb bashk\u00ebbisedim me demokrat\u00ebt, ku nj\u00eb prej tyre foli me superlativa p\u00ebr Berish\u00ebn.<\/p>\n<p>Demokrati u prezantua si ish-oficeri i Gard\u00ebs s\u00eb Shqip\u00ebris\u00eb, i cili tha se i ka sh\u00ebrbyer Berish\u00ebs personalisht.<\/p>\n<p>Ai iu drejtua duke i th\u00ebn\u00eb se p\u00ebr fat t\u00eb keq e do m\u00eb shum\u00eb se f\u00ebmij\u00ebt e tij. Nd\u00ebrsa p\u00ebr Gazment Bardhin dhe Lulzim Bash\u00ebn, demokrati i Matit u shpreh se jan\u00eb \u201clepuj q\u00eb i ham\u00eb m\u00eb dh\u00ebmb\u00eb\u201d.<\/p>\n<p>\u201cI nderuar doktor, jam oficer i gard\u00ebs s\u00eb republik\u00ebs, ish i juaji personalisht. Vij nga Fani, jam mb\u00ebshtet\u00ebsi juaji deri n\u00eb vdekje, jo m\u00eb shum\u00eb. T\u00eb p\u00ebrsh\u00ebndes, ju dhe grupin nism\u00ebtar. Por kam nj\u00eb keqardhje, p\u00ebr ata lepujt, Lul Basha, Gaz Bardhi dhe ato qelb\u00ebsirat q\u00eb ne i ham\u00eb me dh\u00ebmb\u00eb, i shqyejm\u00eb lepujt. Dr. Berisha t\u00eb njoh nga af\u00ebr, t\u00eb kam shoq\u00ebruar ku ke shkel me k\u00ebmb\u00eb, n\u00eb 1997 padiskutim,\u00a0 Sk\u00ebnderbeu i madh je padiskutim. T\u00eb dua fort, fatkeq\u00ebsisht t\u00eb dua m\u00eb shum\u00eb se f\u00ebmij\u00ebt e mi. Zoti a prift\u00eb mbar\u00eb dhe ne na ke me vete\u201d, tha demokrati.<\/p>\n","protected":false},"excerpt":{"rendered":"<p>Ish-kryeministri Sali Berisha ishte sot n\u00eb Lezh\u00eb, ku u takua me demokrat\u00ebt n\u00eb kuad\u00ebr t\u00eb fushat\u00ebs s\u00eb tij p\u00ebr zgjedhjen e kreut t\u00eb PD. Berisha zhvilloi edhe nj\u00eb bashk\u00ebbisedim me demokrat\u00ebt, ku nj\u00eb prej tyre foli me superlativa p\u00ebr Berish\u00ebn. Demokrati u prezantua si ish-oficeri i Gard\u00ebs s\u00eb Shqip\u00ebris\u00eb, i cili tha se i ka [&hellip;]<\/p>\n","protected":false},"author":2030,"featured_media":258581,"comment_status":"closed","ping_status":"closed","sticky":false,"template":"","format":"standard","meta":{"footnotes":""},"categories":[241,3366,5380,231,1454],"tags":[],"class_list":{"0":"post-258580","1":"post","2":"type-post","3":"status-publish","4":"format-standard","5":"has-post-thumbnail","7":"category-aktualitet","8":"category-koment","9":"category-kryesore","10":"category-lajme","11":"category-politike"},"_links":{"self":[{"href":"https:\/\/zjarr.tv\/sq\/wp-json\/wp\/v2\/posts\/258580","targetHints":{"allow":["GET"]}}],"collection":[{"href":"https:\/\/zjarr.tv\/sq\/wp-json\/wp\/v2\/posts"}],"about":[{"href":"https:\/\/zjarr.tv\/sq\/wp-json\/wp\/v2\/types\/post"}],"author":[{"embeddable":true,"href":"https:\/\/zjarr.tv\/sq\/wp-json\/wp\/v2\/users\/2030"}],"replies":[{"embeddable":true,"href":"https:\/\/zjarr.tv\/sq\/wp-json\/wp\/v2\/comments?post=258580"}],"version-history":[{"count":0,"href":"https:\/\/zjarr.tv\/sq\/wp-json\/wp\/v2\/posts\/258580\/revisions"}],"wp:featuredmedia":[{"embeddable":true,"href":"https:\/\/zjarr.tv\/sq\/wp-json\/wp\/v2\/media\/258581"}],"wp:attachment":[{"href":"https:\/\/zjarr.tv\/sq\/wp-json\/wp\/v2\/media?parent=258580"}],"wp:term":[{"taxonomy":"category","embeddable":true,"href":"https:\/\/zjarr.tv\/sq\/wp-json\/wp\/v2\/categories?post=258580"},{"taxonomy":"post_tag","embeddable":true,"href":"https:\/\/zjarr.tv\/sq\/wp-json\/wp\/v2\/tags?post=258580"}],"curies":[{"name":"wp","href":"https:\/\/api.w.org\/{rel}","templated":true}]}}