{"id":258584,"date":"2022-05-15T18:25:12","date_gmt":"2022-05-15T16:25:12","guid":{"rendered":"https:\/\/zjarr.tv\/?p=258584"},"modified":"2022-05-15T18:25:12","modified_gmt":"2022-05-15T16:25:12","slug":"agron-kapllanaj-shperthen-keq-ndaj-berishes-falenderoj-shba-qe-na-dha-mundesine-te-te-njihnim","status":"publish","type":"post","link":"https:\/\/zjarr.tv\/sq\/agron-kapllanaj-shperthen-keq-ndaj-berishes-falenderoj-shba-qe-na-dha-mundesine-te-te-njihnim\/","title":{"rendered":"Agron Kapllanaj shp\u00ebrthen keq ndaj Berish\u00ebs: Falenderoj SHBA q\u00eb na dha mund\u00ebsin\u00eb t\u00eb t\u00eb njihnim"},"content":{"rendered":"<p>Agron Kapllanaj, i cili u komandua nga Lulzim Basha si kreu i deg\u00ebs s\u00eb PD n\u00eb Fier, dhe q\u00eb u akuzua nj\u00eb dit\u00eb m\u00eb par\u00eb nga ish-Kryeministri Sali Berisha, si veg\u00ebl q\u00eb po p\u00ebrdoret nga Kryeministri Edi Rama, p\u00ebr shkak t\u00eb tenderave q\u00eb p\u00ebrfiton nga Qeveria, ka reaguar lidhur me akuzat.<\/p>\n<p>Kapllanaj akuzon Berish\u00ebn se nuk rresht s\u00eb g\u00ebnjyeri dhe s\u00eb p\u00ebr\u00e7ari demokrat\u00ebt ! Sipas Kapllanajt, Berisha po p\u00ebrpiqet t\u00eb mbaj\u00eb peng PD dhe nj\u00eb pjes\u00eb t\u00eb demokrat\u00ebve p\u00ebr shkak t\u00eb shpalljes \u201cnon grata\u201d nga SHBA.<\/p>\n<p>Postimi:<\/p>\n<p>\u201cP\u00ebr k\u00ebt\u00eb hall t\u00eb vetin, un\u00eb nuk e ndihmoj dot Sali Berish\u00ebn, as demokrat\u00ebt e Fierit nuk e ndihmojn\u00eb dot me ankesat q\u00eb ka nisur n\u00eb Departamentin e Shtetit, Sali Berisha! E vetmja gj\u00eb q\u00eb mund t\u2019i k\u00ebshillojm\u00eb e t\u2019i k\u00ebrkojm\u00eb \u00ebsht\u00eb t\u00eb ndal\u00eb p\u00ebrpjekjet p\u00ebr t\u00eb p\u00ebrcar\u00eb demokrat\u00eb, pavar\u00ebsisht se dhe kaq sa ka b\u00ebr\u00eb, u ka shkaktuar nj\u00eb d\u00ebm shum\u00eb t\u00eb madh demokrat\u00ebve. Sa p\u00ebr akuzat personale ndaj meje, se un\u00eb bashk\u00ebpunoj me Ram\u00ebn, po ia p\u00ebrs\u00ebris dhe nj\u00ebher\u00eb se balta q\u00eb hedh kund\u00ebr atyre q\u00eb mendojn\u00eb ndryshe thjesht i bie atij n\u00eb fytyr\u00eb.<\/p>\n<p>N\u00eb aq shum\u00eb biznese sa \u00e7\u2019\u00ebsht\u00eb p\u00ebrfshir\u00eb familja e tij mir\u00eb \u00ebsht\u00eb t\u00eb shoh\u00eb e t\u00eb b\u00ebj\u00eb llogarit\u00eb e tyre m\u00eb par\u00eb se t\u00eb shpif\u00eb p\u00ebr t\u00eb tjer\u00ebt. Je katandisur si mos m\u00eb keq doktor, i b\u00ebre thirrje gjith\u00eb qarkut Fier p\u00ebr takim dhe me zor mblodhe 200 vet\u00eb n\u00eb at\u00eb sall\u00eb ku pak nga pak edhe ata t\u00eb braktis\u00ebn gjat\u00eb fjalim-mashtrimit t\u00ebnd! Faleminderit SHBA q\u00eb na b\u00ebre t\u00eb njohim Sali Berish\u00ebn e v\u00ebrtet\u00eb! Doktor, ti kishe gjith\u00eb mund\u00ebsit\u00eb ta mbyllje me nder dhe si burr\u00eb \u2013 shteti por Zoti nuk mund ta jepte k\u00ebt\u00eb privilegj t\u00eb pamerituar, ndaj dhe t\u00eb b\u00ebri ta mbyllje ashtu si\u00e7 e meriton, me TURP!\u201d, shkruan Kapllanaj.\/tpz.al<\/p>\n","protected":false},"excerpt":{"rendered":"<p>Agron Kapllanaj, i cili u komandua nga Lulzim Basha si kreu i deg\u00ebs s\u00eb PD n\u00eb Fier, dhe q\u00eb u akuzua nj\u00eb dit\u00eb m\u00eb par\u00eb nga ish-Kryeministri Sali Berisha, si veg\u00ebl q\u00eb po p\u00ebrdoret nga Kryeministri Edi Rama, p\u00ebr shkak t\u00eb tenderave q\u00eb p\u00ebrfiton nga Qeveria, ka reaguar lidhur me akuzat. Kapllanaj akuzon Berish\u00ebn se [&hellip;]<\/p>\n","protected":false},"author":2030,"featured_media":258585,"comment_status":"closed","ping_status":"closed","sticky":false,"template":"","format":"standard","meta":{"footnotes":""},"categories":[241,3366,5380,231,1454],"tags":[],"class_list":{"0":"post-258584","1":"post","2":"type-post","3":"status-publish","4":"format-standard","5":"has-post-thumbnail","7":"category-aktualitet","8":"category-koment","9":"category-kryesore","10":"category-lajme","11":"category-politike"},"_links":{"self":[{"href":"https:\/\/zjarr.tv\/sq\/wp-json\/wp\/v2\/posts\/258584","targetHints":{"allow":["GET"]}}],"collection":[{"href":"https:\/\/zjarr.tv\/sq\/wp-json\/wp\/v2\/posts"}],"about":[{"href":"https:\/\/zjarr.tv\/sq\/wp-json\/wp\/v2\/types\/post"}],"author":[{"embeddable":true,"href":"https:\/\/zjarr.tv\/sq\/wp-json\/wp\/v2\/users\/2030"}],"replies":[{"embeddable":true,"href":"https:\/\/zjarr.tv\/sq\/wp-json\/wp\/v2\/comments?post=258584"}],"version-history":[{"count":0,"href":"https:\/\/zjarr.tv\/sq\/wp-json\/wp\/v2\/posts\/258584\/revisions"}],"wp:featuredmedia":[{"embeddable":true,"href":"https:\/\/zjarr.tv\/sq\/wp-json\/wp\/v2\/media\/258585"}],"wp:attachment":[{"href":"https:\/\/zjarr.tv\/sq\/wp-json\/wp\/v2\/media?parent=258584"}],"wp:term":[{"taxonomy":"category","embeddable":true,"href":"https:\/\/zjarr.tv\/sq\/wp-json\/wp\/v2\/categories?post=258584"},{"taxonomy":"post_tag","embeddable":true,"href":"https:\/\/zjarr.tv\/sq\/wp-json\/wp\/v2\/tags?post=258584"}],"curies":[{"name":"wp","href":"https:\/\/api.w.org\/{rel}","templated":true}]}}