{"id":258588,"date":"2022-05-15T18:28:20","date_gmt":"2022-05-15T16:28:20","guid":{"rendered":"https:\/\/zjarr.tv\/?p=258588"},"modified":"2022-05-15T18:28:20","modified_gmt":"2022-05-15T16:28:20","slug":"agron-gjekmarkaj-presidenti-i-ri-duhet-te-plotesoje-kriteret-qe-te-kete-orientim-dhe-formim-euroatlantik-2","status":"publish","type":"post","link":"https:\/\/zjarr.tv\/sq\/agron-gjekmarkaj-presidenti-i-ri-duhet-te-plotesoje-kriteret-qe-te-kete-orientim-dhe-formim-euroatlantik-2\/","title":{"rendered":"Agron Gjekmarkaj: Presidenti i ri duhet t\u00eb plot\u00ebsoj\u00eb kriteret q\u00eb t\u00eb ket\u00eb orientim dhe formim euroatlantik"},"content":{"rendered":"<p>Deputeti i Partis\u00eb Demokratike, Agron Gjekmarkaj, teksa nes\u00ebr \u00ebsht\u00eb raundi i par\u00eb i votimit t\u00eb kandidatit p\u00ebr President, ka reaguar n\u00eb Twitter, duke theksuar se Presidenti i ri, duhet t\u00eb plot\u00ebsoj\u00eb kriteret q\u00eb t\u00eb ket\u00eb orientim dhe formim euroatlantik.<\/p>\n<p>Gjithashtu, Gjekmarkaj thekson se Presidenti i ri duhet t\u00eb plot\u00ebsoj\u00eb dy kritere, orientim dhe formim euroatlantik dhe figur\u00eb politike.<\/p>\n<p>Postimi:<\/p>\n<p>\u201cPresidenti i ardhshem n\u00eb situaten ku ndodhemi duhet t\u00eb plotesoj\u00eb kryesisht e para s\u00ebgjithash dy kritere 1) Qartazi me orjentim dhe formim eurotalantik 2) Nj\u00eb figur\u00eb politike q\u00eb mbeshtet l uften kunder pandeshkueshmeris\u00eb! T\u00eb tjerat kritere jan\u00eb folklor\u201d, shkruan Gjekmarkaj<\/p>\n","protected":false},"excerpt":{"rendered":"<p>Deputeti i Partis\u00eb Demokratike, Agron Gjekmarkaj, teksa nes\u00ebr \u00ebsht\u00eb raundi i par\u00eb i votimit t\u00eb kandidatit p\u00ebr President, ka reaguar n\u00eb Twitter, duke theksuar se Presidenti i ri, duhet t\u00eb plot\u00ebsoj\u00eb kriteret q\u00eb t\u00eb ket\u00eb orientim dhe formim euroatlantik. Gjithashtu, Gjekmarkaj thekson se Presidenti i ri duhet t\u00eb plot\u00ebsoj\u00eb dy kritere, orientim dhe formim euroatlantik [&hellip;]<\/p>\n","protected":false},"author":2030,"featured_media":258589,"comment_status":"closed","ping_status":"closed","sticky":false,"template":"","format":"standard","meta":{"footnotes":""},"categories":[241,3366,5380,231,1454],"tags":[],"class_list":{"0":"post-258588","1":"post","2":"type-post","3":"status-publish","4":"format-standard","5":"has-post-thumbnail","7":"category-aktualitet","8":"category-koment","9":"category-kryesore","10":"category-lajme","11":"category-politike"},"_links":{"self":[{"href":"https:\/\/zjarr.tv\/sq\/wp-json\/wp\/v2\/posts\/258588","targetHints":{"allow":["GET"]}}],"collection":[{"href":"https:\/\/zjarr.tv\/sq\/wp-json\/wp\/v2\/posts"}],"about":[{"href":"https:\/\/zjarr.tv\/sq\/wp-json\/wp\/v2\/types\/post"}],"author":[{"embeddable":true,"href":"https:\/\/zjarr.tv\/sq\/wp-json\/wp\/v2\/users\/2030"}],"replies":[{"embeddable":true,"href":"https:\/\/zjarr.tv\/sq\/wp-json\/wp\/v2\/comments?post=258588"}],"version-history":[{"count":0,"href":"https:\/\/zjarr.tv\/sq\/wp-json\/wp\/v2\/posts\/258588\/revisions"}],"wp:featuredmedia":[{"embeddable":true,"href":"https:\/\/zjarr.tv\/sq\/wp-json\/wp\/v2\/media\/258589"}],"wp:attachment":[{"href":"https:\/\/zjarr.tv\/sq\/wp-json\/wp\/v2\/media?parent=258588"}],"wp:term":[{"taxonomy":"category","embeddable":true,"href":"https:\/\/zjarr.tv\/sq\/wp-json\/wp\/v2\/categories?post=258588"},{"taxonomy":"post_tag","embeddable":true,"href":"https:\/\/zjarr.tv\/sq\/wp-json\/wp\/v2\/tags?post=258588"}],"curies":[{"name":"wp","href":"https:\/\/api.w.org\/{rel}","templated":true}]}}