{"id":258596,"date":"2022-05-15T19:03:06","date_gmt":"2022-05-15T17:03:06","guid":{"rendered":"https:\/\/zjarr.tv\/?p=258596"},"modified":"2022-05-15T19:03:06","modified_gmt":"2022-05-15T17:03:06","slug":"gara-per-kryetar-te-pd-se-pas-lezhes-ish-kryeministri-sali-berisha-takim-me-demokratet-e-shkodres","status":"publish","type":"post","link":"https:\/\/zjarr.tv\/sq\/gara-per-kryetar-te-pd-se-pas-lezhes-ish-kryeministri-sali-berisha-takim-me-demokratet-e-shkodres\/","title":{"rendered":"Gara p\u00ebr kryetar t\u00eb PD-s\u00eb\/ Pas Lezh\u00ebs, ish-kryeministri Sali Berisha takim me demokrat\u00ebt e Shkodr\u00ebs"},"content":{"rendered":"<p>Pas takimit me demokrat\u00ebt e Lezh\u00ebs, ish-kryeministri Sali Berisha ka udh\u00ebtuar drejt Shkodr\u00ebs. N\u00eb ambientet e Kinemas\u00eb s\u00eb qytetit, Berisha po zhvillon nj\u00eb takim elektoral me mb\u00ebshtet\u00ebsit e tij n\u00eb qytetin verior.<\/p>\n<p>Ky tur takimesh vjen n\u00eb kuad\u00ebr t\u00eb gar\u00ebs p\u00ebr kryetarin e Partis\u00eb Demokratike q\u00eb do zhvillohen m\u00eb 22 maj, ku Berisha kandidon p\u00ebrball\u00eb Ibsen Elezit.<\/p>\n<p>Nj\u00eb dit\u00eb m\u00eb par\u00eb, Berisha ishte n\u00eb qytetin e Fierit ku zhvilloi nj\u00eb takim me qytetar\u00ebt e zon\u00ebs.<\/p>\n<p>Nd\u00ebrkoh\u00eb, rivali i Berish\u00ebs n\u00eb gar\u00ebn p\u00ebr kryetar, Ibsen Elezi ishte sot n\u00eb qytetin e La\u00e7it ku u takua me mb\u00ebshtet\u00ebsit e tij.<\/p>\n<p>Gjat\u00eb fjal\u00ebs s\u00eb tij Elezi deklaroi se duke qen\u00eb parti e djatht\u00eb demokrat\u00ebt duhet t\u00eb futen n\u00eb gar\u00eb me nj\u00ebri tjetrin dhe ai q\u00eb t\u00eb jet\u00eb m\u00eb i zoti le t\u00eb marr\u00eb drejtimin e saj.<\/p>\n","protected":false},"excerpt":{"rendered":"<p>Pas takimit me demokrat\u00ebt e Lezh\u00ebs, ish-kryeministri Sali Berisha ka udh\u00ebtuar drejt Shkodr\u00ebs. N\u00eb ambientet e Kinemas\u00eb s\u00eb qytetit, Berisha po zhvillon nj\u00eb takim elektoral me mb\u00ebshtet\u00ebsit e tij n\u00eb qytetin verior. Ky tur takimesh vjen n\u00eb kuad\u00ebr t\u00eb gar\u00ebs p\u00ebr kryetarin e Partis\u00eb Demokratike q\u00eb do zhvillohen m\u00eb 22 maj, ku Berisha kandidon p\u00ebrball\u00eb [&hellip;]<\/p>\n","protected":false},"author":2030,"featured_media":258597,"comment_status":"closed","ping_status":"closed","sticky":false,"template":"","format":"standard","meta":{"footnotes":""},"categories":[241,5380,231,1454],"tags":[],"class_list":{"0":"post-258596","1":"post","2":"type-post","3":"status-publish","4":"format-standard","5":"has-post-thumbnail","7":"category-aktualitet","8":"category-kryesore","9":"category-lajme","10":"category-politike"},"_links":{"self":[{"href":"https:\/\/zjarr.tv\/sq\/wp-json\/wp\/v2\/posts\/258596","targetHints":{"allow":["GET"]}}],"collection":[{"href":"https:\/\/zjarr.tv\/sq\/wp-json\/wp\/v2\/posts"}],"about":[{"href":"https:\/\/zjarr.tv\/sq\/wp-json\/wp\/v2\/types\/post"}],"author":[{"embeddable":true,"href":"https:\/\/zjarr.tv\/sq\/wp-json\/wp\/v2\/users\/2030"}],"replies":[{"embeddable":true,"href":"https:\/\/zjarr.tv\/sq\/wp-json\/wp\/v2\/comments?post=258596"}],"version-history":[{"count":0,"href":"https:\/\/zjarr.tv\/sq\/wp-json\/wp\/v2\/posts\/258596\/revisions"}],"wp:featuredmedia":[{"embeddable":true,"href":"https:\/\/zjarr.tv\/sq\/wp-json\/wp\/v2\/media\/258597"}],"wp:attachment":[{"href":"https:\/\/zjarr.tv\/sq\/wp-json\/wp\/v2\/media?parent=258596"}],"wp:term":[{"taxonomy":"category","embeddable":true,"href":"https:\/\/zjarr.tv\/sq\/wp-json\/wp\/v2\/categories?post=258596"},{"taxonomy":"post_tag","embeddable":true,"href":"https:\/\/zjarr.tv\/sq\/wp-json\/wp\/v2\/tags?post=258596"}],"curies":[{"name":"wp","href":"https:\/\/api.w.org\/{rel}","templated":true}]}}