{"id":258600,"date":"2022-05-15T19:05:08","date_gmt":"2022-05-15T17:05:08","guid":{"rendered":"https:\/\/zjarr.tv\/?p=258600"},"modified":"2022-05-15T19:05:08","modified_gmt":"2022-05-15T17:05:08","slug":"rrembimi-i-ujesjellesve-nga-qeveria-varrosje-dhe-poshterim-i-pushtetit-lokal-vasili-reforma-territoriale-u-shkel-me-kembe-rama-i-vuri-vulen-hajduterise","status":"publish","type":"post","link":"https:\/\/zjarr.tv\/sq\/rrembimi-i-ujesjellesve-nga-qeveria-varrosje-dhe-poshterim-i-pushtetit-lokal-vasili-reforma-territoriale-u-shkel-me-kembe-rama-i-vuri-vulen-hajduterise\/","title":{"rendered":"\u201cRr\u00ebmbimi i uj\u00ebsjell\u00ebsve nga qeveria, varrosje dhe posht\u00ebrim i pushtetit lokal\u201d- Vasili: Reforma territorial\u00eb u shkel me k\u00ebmb\u00eb! Rama i vuri vul\u00ebn hajdut\u00ebris\u00eb"},"content":{"rendered":"<p>N\u00ebnkryetari i LSI-s\u00eb, Petrit Vasili ka reaguar n\u00eb lidhje me shkrirjen e uj\u00ebsjell\u00ebsve, q\u00eb ai e quan si rr\u00ebmbim nga ana e qeveris\u00eb.<\/p>\n<p>Me an\u00eb t\u00eb nj\u00eb postimi n\u00eb Facebook, Vasili shkruan qeveria po posht\u00ebron dhe po varros pushtetin lokal dhe po e trajton at\u00eb si leck\u00eb k\u00ebpuc\u00ebsh. Sipas Vasilit, pas kaq vitesh ne pushtet Rama d\u00ebshtoi dhe i vuri vulen hajdut\u00ebris\u00eb ne \u00e7do nivel.<\/p>\n<p>Reagimi i plot\u00eb i Vasilit<\/p>\n<p>Rr\u00ebmbimi i uj\u00ebsjell\u00ebsve nga qeveria, varrosje dhe posht\u00ebrim i pushtetit lokal! Qeveria i rremben Pushtetit Lokal ujesjellsat dhe i perqendron ne duart e saj ne 15 shoqeri ku shumicen e aksioneve i ka Qeveria. Trajtimi i Pushtetit Lokal si nje lecke kepucesh eshte flagrant.<\/p>\n<p>Qeveria si kryehajdute e certifikuar dhe si nje mekanizem super i korruptuar rremben ujesjellsat, qe ti kete ne nje dore dhe te grabise me kollaj gjithshka. Reforma teritoriale e vitit 2015 u varros perfundimisht dhe u shkel me kembe.<\/p>\n<p>Pushteti lokal u zhvesh nga funksionet, u atrofizua dhe ne te kundert te decentralizimit ju rrembyen edhe ato kompetenca, qe kishte. Kur nuk administron dot as ujin e pijshem \u00e7\u2019dreq Pushtet Lokal eshte ky? Ky Pushtet Lokal eshte thjesht nje shperndares banal rrogash per militantet e punesuar per ti leshuar rrugeve kur ka fushata zgjedhore.<\/p>\n<p>Pushtet Lokal, qe shton mijra punesime, shume me shume se para reformes se vitit 2015 kur ishin 19 625 te punesuar dhe sot qe jane gati dyfishi rreth 35 mije dhe nuk administron dot ad ujesjellsat e Bashkive te tyre. Pas kaq vitesh ne pushtet deshtimi total i Rames dhe rilindjes, ato sot centralizojne ne menyre idiote edhe ujesjellsat duke i vene vulen hajduterise ne \u00e7do nivel.<\/p>\n<p>\u00c7do vend normal shkon drejt decentralizimit si nje proces pa kthim dhe ne te mire dhe sa me afer qytetareve, ndersa ne pushtetin e Rames ndodh e kunderta. Qeveria e Rames, qe ka cuar Shqiperine ne vendin e dyte ne bote per korrupsionin, ben pre te oreksit te saj te pangopur edhe ujesjellsat.<\/p>\n<p>Perfundimisht Shqiperia nuk ka pushtet lokal. Keta Kryetare Bashkie rilindas ne 60 bashki, qe nuk reagojne kur i poshterojne ne kete fare feje, jane thjesht ca lengaraq\u00eb politike\u00a0 te perdhunuar nga Rama per nje cope karrige.<\/p>\n","protected":false},"excerpt":{"rendered":"<p>N\u00ebnkryetari i LSI-s\u00eb, Petrit Vasili ka reaguar n\u00eb lidhje me shkrirjen e uj\u00ebsjell\u00ebsve, q\u00eb ai e quan si rr\u00ebmbim nga ana e qeveris\u00eb. Me an\u00eb t\u00eb nj\u00eb postimi n\u00eb Facebook, Vasili shkruan qeveria po posht\u00ebron dhe po varros pushtetin lokal dhe po e trajton at\u00eb si leck\u00eb k\u00ebpuc\u00ebsh. Sipas Vasilit, pas kaq vitesh ne pushtet [&hellip;]<\/p>\n","protected":false},"author":2030,"featured_media":258601,"comment_status":"closed","ping_status":"closed","sticky":false,"template":"","format":"standard","meta":{"footnotes":""},"categories":[241,3366,5380,231],"tags":[],"class_list":{"0":"post-258600","1":"post","2":"type-post","3":"status-publish","4":"format-standard","5":"has-post-thumbnail","7":"category-aktualitet","8":"category-koment","9":"category-kryesore","10":"category-lajme"},"_links":{"self":[{"href":"https:\/\/zjarr.tv\/sq\/wp-json\/wp\/v2\/posts\/258600","targetHints":{"allow":["GET"]}}],"collection":[{"href":"https:\/\/zjarr.tv\/sq\/wp-json\/wp\/v2\/posts"}],"about":[{"href":"https:\/\/zjarr.tv\/sq\/wp-json\/wp\/v2\/types\/post"}],"author":[{"embeddable":true,"href":"https:\/\/zjarr.tv\/sq\/wp-json\/wp\/v2\/users\/2030"}],"replies":[{"embeddable":true,"href":"https:\/\/zjarr.tv\/sq\/wp-json\/wp\/v2\/comments?post=258600"}],"version-history":[{"count":0,"href":"https:\/\/zjarr.tv\/sq\/wp-json\/wp\/v2\/posts\/258600\/revisions"}],"wp:featuredmedia":[{"embeddable":true,"href":"https:\/\/zjarr.tv\/sq\/wp-json\/wp\/v2\/media\/258601"}],"wp:attachment":[{"href":"https:\/\/zjarr.tv\/sq\/wp-json\/wp\/v2\/media?parent=258600"}],"wp:term":[{"taxonomy":"category","embeddable":true,"href":"https:\/\/zjarr.tv\/sq\/wp-json\/wp\/v2\/categories?post=258600"},{"taxonomy":"post_tag","embeddable":true,"href":"https:\/\/zjarr.tv\/sq\/wp-json\/wp\/v2\/tags?post=258600"}],"curies":[{"name":"wp","href":"https:\/\/api.w.org\/{rel}","templated":true}]}}