{"id":258614,"date":"2022-05-15T21:14:40","date_gmt":"2022-05-15T19:14:40","guid":{"rendered":"https:\/\/zjarr.tv\/?p=258614"},"modified":"2022-05-15T21:14:40","modified_gmt":"2022-05-15T19:14:40","slug":"deklaratat-e-kim-per-skenderbeun-shqetesojne-berishen-ai-na-frymezon-ne-cdo-dashuri-tjeter-eshte-fake","status":"publish","type":"post","link":"https:\/\/zjarr.tv\/sq\/deklaratat-e-kim-per-skenderbeun-shqetesojne-berishen-ai-na-frymezon-ne-cdo-dashuri-tjeter-eshte-fake\/","title":{"rendered":"Deklaratat e Kim p\u00ebr Sk\u00ebnderbeun \u201cshqet\u00ebsojn\u00eb\u201d Berish\u00ebn: Ai na frym\u00ebzon ne! \u00c7do dashuri tjet\u00ebr \u00ebsht\u00eb \u201cFake\u201d"},"content":{"rendered":"<p>Ish-kryeministri Sali Berisha ka p\u00ebrmendur heroin komb\u00ebtar Sk\u00ebnderbeun, si shembull p\u00ebr bashkimin e demokrat\u00ebve dhe gjith\u00eb shqiptar\u00ebve, gjat\u00eb nj\u00eb takimi me militant\u00ebt e PD-s\u00eb n\u00eb Shkod\u00ebr. <\/p>\n<p>Berisha nuk la pa thumbuar as ambasadoren amerikane Yuri Kim, e cila shpesh i referohet Sk\u00ebnderbeut si nj\u00eb hero i jasht\u00ebzakonsh\u00ebm dhe frym\u00ebzues p\u00ebr shqiptar\u00ebt. Ish kryeministri tha se \u00e7do dashuri tjet\u00ebr ndaj Sk\u00ebnderbeut \u00ebsht\u00eb e rreme, duke iu referuar deklaratave t\u00eb Kim sot <\/p>\n<p>\u201cSk\u00ebnderbeu ishte Davidi yn\u00eb, ishte Davidi q\u00eb me nj\u00eb guxim t\u00eb jasht\u00ebzakonsh\u00ebm me nj\u00eb kurajo mbinjer\u00ebzore u p\u00ebrball me Goliathin m\u00eb t\u00eb rreziksh\u00ebm t\u00eb koh\u00ebrave. Dhe q\u00ebndroi n\u00eb kushtet m\u00eb t\u00eb pabarabarta, q\u00ebndroi dhe shkroi ato faqe t\u00eb historis\u00eb q\u00eb jan\u00eb dhe do mbeten frym\u00ebzuese p\u00ebr \u00e7do shqiptar. <\/p>\n<p>Sk\u00ebnderbeu \u00ebsht\u00eb frym\u00ebzues p\u00ebr secilin prej nesh, \u00e7do dashuri tjet\u00ebr p\u00ebr Sk\u00ebnderbeun, jasht\u00eb mesazheve t\u00eb tij \u00ebsht\u00eb \u201cfake\u201d e rreme, e pavler\u00eb. Nd\u00ebrsa ne do q\u00ebndrojm\u00eb p\u00ebr frym\u00ebzimin q\u00eb i jep ai. Sot mund t\u00eb jemi nj\u00eb pakic\u00eb, por ju garantoj s\u00eb shpejti do jemi shumic\u00eb\u201d, deklaroi Berisha.<\/p>\n","protected":false},"excerpt":{"rendered":"<p>Ish-kryeministri Sali Berisha ka p\u00ebrmendur heroin komb\u00ebtar Sk\u00ebnderbeun, si shembull p\u00ebr bashkimin e demokrat\u00ebve dhe gjith\u00eb shqiptar\u00ebve, gjat\u00eb nj\u00eb takimi me militant\u00ebt e PD-s\u00eb n\u00eb Shkod\u00ebr. Berisha nuk la pa thumbuar as ambasadoren amerikane Yuri Kim, e cila shpesh i referohet Sk\u00ebnderbeut si nj\u00eb hero i jasht\u00ebzakonsh\u00ebm dhe frym\u00ebzues p\u00ebr shqiptar\u00ebt. Ish kryeministri tha se [&hellip;]<\/p>\n","protected":false},"author":2031,"featured_media":203750,"comment_status":"closed","ping_status":"closed","sticky":false,"template":"","format":"standard","meta":{"footnotes":""},"categories":[241,231,235],"tags":[],"class_list":{"0":"post-258614","1":"post","2":"type-post","3":"status-publish","4":"format-standard","5":"has-post-thumbnail","7":"category-aktualitet","8":"category-lajme","9":"category-vendi"},"_links":{"self":[{"href":"https:\/\/zjarr.tv\/sq\/wp-json\/wp\/v2\/posts\/258614","targetHints":{"allow":["GET"]}}],"collection":[{"href":"https:\/\/zjarr.tv\/sq\/wp-json\/wp\/v2\/posts"}],"about":[{"href":"https:\/\/zjarr.tv\/sq\/wp-json\/wp\/v2\/types\/post"}],"author":[{"embeddable":true,"href":"https:\/\/zjarr.tv\/sq\/wp-json\/wp\/v2\/users\/2031"}],"replies":[{"embeddable":true,"href":"https:\/\/zjarr.tv\/sq\/wp-json\/wp\/v2\/comments?post=258614"}],"version-history":[{"count":0,"href":"https:\/\/zjarr.tv\/sq\/wp-json\/wp\/v2\/posts\/258614\/revisions"}],"wp:featuredmedia":[{"embeddable":true,"href":"https:\/\/zjarr.tv\/sq\/wp-json\/wp\/v2\/media\/203750"}],"wp:attachment":[{"href":"https:\/\/zjarr.tv\/sq\/wp-json\/wp\/v2\/media?parent=258614"}],"wp:term":[{"taxonomy":"category","embeddable":true,"href":"https:\/\/zjarr.tv\/sq\/wp-json\/wp\/v2\/categories?post=258614"},{"taxonomy":"post_tag","embeddable":true,"href":"https:\/\/zjarr.tv\/sq\/wp-json\/wp\/v2\/tags?post=258614"}],"curies":[{"name":"wp","href":"https:\/\/api.w.org\/{rel}","templated":true}]}}