{"id":258617,"date":"2022-05-15T21:20:08","date_gmt":"2022-05-15T19:20:08","guid":{"rendered":"https:\/\/zjarr.tv\/?p=258617"},"modified":"2022-05-15T21:20:08","modified_gmt":"2022-05-15T19:20:08","slug":"evi-kokalarit-si-ndahet-shpirti-nga-berisha-pi-kafen-me-saliun-te-gdhenur-ne-filxhan","status":"publish","type":"post","link":"https:\/\/zjarr.tv\/sq\/evi-kokalarit-si-ndahet-shpirti-nga-berisha-pi-kafen-me-saliun-te-gdhenur-ne-filxhan\/","title":{"rendered":"Evi Kokalarit \u201cs\u2019i ndahet shpirti\u201d nga Berisha, pi kafen me Saliun t\u00eb gdhenur n\u00eb filxhan"},"content":{"rendered":"<p> Aktivistja Evi Kokalari pak m\u00eb par\u00eb ka publikuar nj\u00eb foto teksa ka treguar se si e ka filluar m\u00ebngjesin e saj. <\/p>\n<p>E teksa konsumon nj\u00eb filnxhan kafe n\u00eb Kruj\u00eb, ajo \u00e7far\u00eb mori v\u00ebmendjen e t\u00eb gjith\u00ebve \u00ebsht\u00eb fakti se n\u00eb filxhanin e kafes s\u00eb aktivistes \u00ebsht\u00eb i gdhenur ish-kryeministri Sali Berisha. <\/p>\n<p>\u201cKafja e m\u00ebngjesit n\u00eb Kruj\u00eb\u201d, shkruan ajo krah fotos.<\/p>\n","protected":false},"excerpt":{"rendered":"<p>Aktivistja Evi Kokalari pak m\u00eb par\u00eb ka publikuar nj\u00eb foto teksa ka treguar se si e ka filluar m\u00ebngjesin e saj. E teksa konsumon nj\u00eb filnxhan kafe n\u00eb Kruj\u00eb, ajo \u00e7far\u00eb mori v\u00ebmendjen e t\u00eb gjith\u00ebve \u00ebsht\u00eb fakti se n\u00eb filxhanin e kafes s\u00eb aktivistes \u00ebsht\u00eb i gdhenur ish-kryeministri Sali Berisha. \u201cKafja e m\u00ebngjesit n\u00eb [&hellip;]<\/p>\n","protected":false},"author":2031,"featured_media":258618,"comment_status":"closed","ping_status":"closed","sticky":false,"template":"","format":"standard","meta":{"footnotes":""},"categories":[241,231,235],"tags":[],"class_list":{"0":"post-258617","1":"post","2":"type-post","3":"status-publish","4":"format-standard","5":"has-post-thumbnail","7":"category-aktualitet","8":"category-lajme","9":"category-vendi"},"_links":{"self":[{"href":"https:\/\/zjarr.tv\/sq\/wp-json\/wp\/v2\/posts\/258617","targetHints":{"allow":["GET"]}}],"collection":[{"href":"https:\/\/zjarr.tv\/sq\/wp-json\/wp\/v2\/posts"}],"about":[{"href":"https:\/\/zjarr.tv\/sq\/wp-json\/wp\/v2\/types\/post"}],"author":[{"embeddable":true,"href":"https:\/\/zjarr.tv\/sq\/wp-json\/wp\/v2\/users\/2031"}],"replies":[{"embeddable":true,"href":"https:\/\/zjarr.tv\/sq\/wp-json\/wp\/v2\/comments?post=258617"}],"version-history":[{"count":0,"href":"https:\/\/zjarr.tv\/sq\/wp-json\/wp\/v2\/posts\/258617\/revisions"}],"wp:featuredmedia":[{"embeddable":true,"href":"https:\/\/zjarr.tv\/sq\/wp-json\/wp\/v2\/media\/258618"}],"wp:attachment":[{"href":"https:\/\/zjarr.tv\/sq\/wp-json\/wp\/v2\/media?parent=258617"}],"wp:term":[{"taxonomy":"category","embeddable":true,"href":"https:\/\/zjarr.tv\/sq\/wp-json\/wp\/v2\/categories?post=258617"},{"taxonomy":"post_tag","embeddable":true,"href":"https:\/\/zjarr.tv\/sq\/wp-json\/wp\/v2\/tags?post=258617"}],"curies":[{"name":"wp","href":"https:\/\/api.w.org\/{rel}","templated":true}]}}