{"id":259565,"date":"2022-05-19T18:53:58","date_gmt":"2022-05-19T16:53:58","guid":{"rendered":"https:\/\/zjarr.tv\/?p=259565"},"modified":"2022-05-19T18:53:58","modified_gmt":"2022-05-19T16:53:58","slug":"firmosi-sot-32-arrestet-per-te-shkaterruar-8-grupet-kriminale-kush-eshte-gjyqtarja-atalanta-zeqiraj","status":"publish","type":"post","link":"https:\/\/zjarr.tv\/sq\/firmosi-sot-32-arrestet-per-te-shkaterruar-8-grupet-kriminale-kush-eshte-gjyqtarja-atalanta-zeqiraj\/","title":{"rendered":"Firmosi sot 32 arrestet p\u00ebr t\u00eb shkat\u00ebrruar 8 grupet kriminale, kush \u00ebsht\u00eb gjyqtarja Atalanta Zeqiraj"},"content":{"rendered":"<p>Atalanta Zeqiraj \u00ebsht\u00eb gjyqtarja e cila dit\u00ebn e sotme firmosi 32 arrestet ku u shkat\u00ebrruan 8 grupet kriminale.<\/p>\n<p>Zeqiraj u konfirmua nga Komisioni i Pavarur i Kualifikimit, KPK n\u00eb 30 qershor 2021.<\/p>\n<p>Procesi i vetingut p\u00ebr gjyqtaren Zeqiraj u krye nga trupi gjykues i kryesuar nga Firdes Shuli, me relator Roland Ilian dhe an\u00ebtare Etleda \u00c7iftjan.<\/p>\n<p>Nga hetimi administrativ rezultoi se ajo nuk kishte pasuri t\u00eb paluajtshme, por p\u00ebrdorte pa kund\u00ebrshp\u00ebrblim nj\u00eb apartament t\u00eb bler\u00eb nga babai i saj n\u00eb Vlor\u00eb.<\/p>\n<p>Prej KPK-s\u00eb u konkludua se babai i subjektit kishte pasur burime t\u00eb mjaftueshme financiare p\u00ebr blerjen e apartamentit n\u00eb Vlor\u00eb dhe t\u00eb nj\u00eb tjetri n\u00eb Tiran\u00eb \u2013 edhe kjo pasuri e p\u00ebrdorur nga gjyqtarja Zeqiraj gjat\u00eb kryerjes s\u00eb stazhit, pas p\u00ebrfundimit t\u00eb Shkoll\u00ebs s\u00eb Magjistratur\u00ebs.<\/p>\n<p>Po ashtu, gjyqtarja Zeqiraj mori vler\u00ebsim pozitiv p\u00ebr past\u00ebrtin\u00eb e figur\u00ebs dhe profesionalizmin.<\/p>\n","protected":false},"excerpt":{"rendered":"<p>Atalanta Zeqiraj \u00ebsht\u00eb gjyqtarja e cila dit\u00ebn e sotme firmosi 32 arrestet ku u shkat\u00ebrruan 8 grupet kriminale. Zeqiraj u konfirmua nga Komisioni i Pavarur i Kualifikimit, KPK n\u00eb 30 qershor 2021. Procesi i vetingut p\u00ebr gjyqtaren Zeqiraj u krye nga trupi gjykues i kryesuar nga Firdes Shuli, me relator Roland Ilian dhe an\u00ebtare Etleda [&hellip;]<\/p>\n","protected":false},"author":2030,"featured_media":259566,"comment_status":"closed","ping_status":"closed","sticky":false,"template":"","format":"standard","meta":{"footnotes":""},"categories":[241,5380,231],"tags":[],"class_list":{"0":"post-259565","1":"post","2":"type-post","3":"status-publish","4":"format-standard","5":"has-post-thumbnail","7":"category-aktualitet","8":"category-kryesore","9":"category-lajme"},"_links":{"self":[{"href":"https:\/\/zjarr.tv\/sq\/wp-json\/wp\/v2\/posts\/259565","targetHints":{"allow":["GET"]}}],"collection":[{"href":"https:\/\/zjarr.tv\/sq\/wp-json\/wp\/v2\/posts"}],"about":[{"href":"https:\/\/zjarr.tv\/sq\/wp-json\/wp\/v2\/types\/post"}],"author":[{"embeddable":true,"href":"https:\/\/zjarr.tv\/sq\/wp-json\/wp\/v2\/users\/2030"}],"replies":[{"embeddable":true,"href":"https:\/\/zjarr.tv\/sq\/wp-json\/wp\/v2\/comments?post=259565"}],"version-history":[{"count":0,"href":"https:\/\/zjarr.tv\/sq\/wp-json\/wp\/v2\/posts\/259565\/revisions"}],"wp:featuredmedia":[{"embeddable":true,"href":"https:\/\/zjarr.tv\/sq\/wp-json\/wp\/v2\/media\/259566"}],"wp:attachment":[{"href":"https:\/\/zjarr.tv\/sq\/wp-json\/wp\/v2\/media?parent=259565"}],"wp:term":[{"taxonomy":"category","embeddable":true,"href":"https:\/\/zjarr.tv\/sq\/wp-json\/wp\/v2\/categories?post=259565"},{"taxonomy":"post_tag","embeddable":true,"href":"https:\/\/zjarr.tv\/sq\/wp-json\/wp\/v2\/tags?post=259565"}],"curies":[{"name":"wp","href":"https:\/\/api.w.org\/{rel}","templated":true}]}}