{"id":259585,"date":"2022-05-19T19:35:23","date_gmt":"2022-05-19T17:35:23","guid":{"rendered":"https:\/\/zjarr.tv\/?p=259585"},"modified":"2022-05-19T19:35:23","modified_gmt":"2022-05-19T17:35:23","slug":"nje-i-shkarkuar-nga-demokratet-nuk-mund-te-vendose-kushte-luciano-boci-reagon-ashper-ndaj-deklarates-se-aliebeajt-rama-e-ka-zyrtarizuar-si-sekser-politik-po-kerkon-percarjen-e","status":"publish","type":"post","link":"https:\/\/zjarr.tv\/sq\/nje-i-shkarkuar-nga-demokratet-nuk-mund-te-vendose-kushte-luciano-boci-reagon-ashper-ndaj-deklarates-se-aliebeajt-rama-e-ka-zyrtarizuar-si-sekser-politik-po-kerkon-percarjen-e\/","title":{"rendered":"\u201cNj\u00eb i shkarkuar nga demokrat\u00ebt nuk mund t\u00eb vendos\u00eb kushte\u201d, Lu\u00e7iano Bo\u00e7i reagon ashp\u00ebr ndaj deklarat\u00ebs s\u00eb Aliebeajt: Rama e ka zyrtarizuar si sekser politik, po k\u00ebrkon p\u00ebr\u00e7arjen e&#8230;"},"content":{"rendered":"<p>Deputeti i Partis\u00eb Demokratike, Lu\u00e7iano Bo\u00e7i ka reaguar me an\u00eb t\u00eb nj\u00eb postimi n\u00eb rrjetin e tij social \u2018Facebook\u2019, pas deklaratave t\u00eb Enkelejd Alibeajt se nes\u00ebr do t\u00eb th\u00ebrras\u00eb grupin e Rithemelimit me kusht q\u00eb Sali Berisha t\u00eb mos b\u00ebhet pjes\u00eb.<\/p>\n<p>Duke e konsideruar si sekser t\u00eb Ram\u00ebs, Bo\u00e7i shprehet se nj\u00eb i shkarkuar nga demokrat\u00ebt nuk mund t\u00eb vendos\u00eb kushte.<\/p>\n<p>Sipas Bo\u00e7it Alibeaj pasi hodhi n\u00eb er\u00eb procesin kushtetues p\u00ebr presidentin, duke u ulur n\u00eb prehrin e Ram\u00ebs si i preferuari i tij, tani po k\u00ebrkon t\u00eb k\u00ebnaq\u00eb Ram\u00ebn dhe t\u00eb sanksionoj\u00eb p\u00ebr\u00e7arjen e Grupit Parlamentar n\u00eb dy grupime, nj\u00ebrin prej t\u00eb cil\u00ebve e zot\u00ebron ai me hipotek\u00eb.<\/p>\n<p>Postimi i Bo\u00e7it:<\/p>\n<p>Alibeajt, tani q\u00eb Rama e ka zyrtarizuar si sekser politik, i ngjan se mund t\u2019i vendos\u00eb kushte dhe vet\u00eb Partis\u00eb Demokratike.<\/p>\n<p>Deklaron teatralisht se do t\u00eb th\u00ebrras\u00eb dhe grupin e rithemelimit p\u00ebr negociatat me kusht!?<\/p>\n<p>Nj\u00eb i shkarkuar nga demokrat\u00ebt nuk mund t\u00eb vendos\u00eb kushte.<\/p>\n<p>K\u00ebt\u00eb thirrje nuk e ka seriozisht dhe sinqerisht p\u00ebr zgjedhjen e Presidentit.<\/p>\n<p>Pasi hodhi n\u00eb er\u00eb procesin kushtetues p\u00ebr presidentin, duke u ulur n\u00eb prehrin e Ram\u00ebs si i preferuari i tij, tani po k\u00ebrkon t\u00eb k\u00ebnaq\u00eb Ram\u00ebn dhe t\u00eb sanksionoj\u00eb p\u00ebr\u00e7arjen e Grupit Parlamentar n\u00eb dy grupime, nj\u00ebrin prej t\u00eb cil\u00ebve e zot\u00ebron ai me hipotek\u00eb.<\/p>\n<p>Grupi Parlamentar i PD \u00ebsht\u00eb nj\u00eb, jo si\u00e7 do ta shoh\u00eb z. Alibeaj., t\u00eb b\u00ebr\u00eb copash<\/p>\n<p>Thirrjen e tij e vendos Kryesia e grupit.<\/p>\n<p>Un\u00eb dhe Z. Salianji n\u00eb cil\u00ebsin\u00eb e n\u00ebn\/kryetarit e kemi k\u00ebrkuar me k\u00ebmb\u00ebngulje mbledhjen e Kryesis\u00eb dhe t\u00eb Grupit, ku t\u00eb sanksionohej rikthimi i t\u00eb shkarkuarve, por z. Alibeaj e ka refuzuar, mgjs i ka munguar dhe tagri p\u00ebr ta b\u00ebr\u00eb.<\/p>\n<p>Sot i duhet diversioni dhe p\u00ebrs\u00ebrit refrenin e mospranimit t\u00eb Z. Berisha.<\/p>\n<p>Po k\u00ebrkon k\u00ebshtu nj\u00ebherazi t\u00eb legalizoj\u00eb veten, bashk\u00ebpunimin e pist\u00eb me Ram\u00ebn dhe t\u00eb vulos\u00eb p\u00ebr\u00e7arjen p\u00ebr hir t\u00eb axhendave t\u00eb njohura.<\/p>\n<ol>\n<li>Alibeaj me veprimet e tij t\u00eb disata ka d\u00ebmtuar interesin e demokrat\u00ebve dhe po shp\u00ebton fytyr\u00ebn e Ram\u00ebs.<\/li>\n<\/ol>\n","protected":false},"excerpt":{"rendered":"<p>Deputeti i Partis\u00eb Demokratike, Lu\u00e7iano Bo\u00e7i ka reaguar me an\u00eb t\u00eb nj\u00eb postimi n\u00eb rrjetin e tij social \u2018Facebook\u2019, pas deklaratave t\u00eb Enkelejd Alibeajt se nes\u00ebr do t\u00eb th\u00ebrras\u00eb grupin e Rithemelimit me kusht q\u00eb Sali Berisha t\u00eb mos b\u00ebhet pjes\u00eb. Duke e konsideruar si sekser t\u00eb Ram\u00ebs, Bo\u00e7i shprehet se nj\u00eb i shkarkuar nga [&hellip;]<\/p>\n","protected":false},"author":2030,"featured_media":259586,"comment_status":"closed","ping_status":"closed","sticky":false,"template":"","format":"standard","meta":{"footnotes":""},"categories":[241,3366,5380,231,1454],"tags":[],"class_list":{"0":"post-259585","1":"post","2":"type-post","3":"status-publish","4":"format-standard","5":"has-post-thumbnail","7":"category-aktualitet","8":"category-koment","9":"category-kryesore","10":"category-lajme","11":"category-politike"},"_links":{"self":[{"href":"https:\/\/zjarr.tv\/sq\/wp-json\/wp\/v2\/posts\/259585","targetHints":{"allow":["GET"]}}],"collection":[{"href":"https:\/\/zjarr.tv\/sq\/wp-json\/wp\/v2\/posts"}],"about":[{"href":"https:\/\/zjarr.tv\/sq\/wp-json\/wp\/v2\/types\/post"}],"author":[{"embeddable":true,"href":"https:\/\/zjarr.tv\/sq\/wp-json\/wp\/v2\/users\/2030"}],"replies":[{"embeddable":true,"href":"https:\/\/zjarr.tv\/sq\/wp-json\/wp\/v2\/comments?post=259585"}],"version-history":[{"count":0,"href":"https:\/\/zjarr.tv\/sq\/wp-json\/wp\/v2\/posts\/259585\/revisions"}],"wp:featuredmedia":[{"embeddable":true,"href":"https:\/\/zjarr.tv\/sq\/wp-json\/wp\/v2\/media\/259586"}],"wp:attachment":[{"href":"https:\/\/zjarr.tv\/sq\/wp-json\/wp\/v2\/media?parent=259585"}],"wp:term":[{"taxonomy":"category","embeddable":true,"href":"https:\/\/zjarr.tv\/sq\/wp-json\/wp\/v2\/categories?post=259585"},{"taxonomy":"post_tag","embeddable":true,"href":"https:\/\/zjarr.tv\/sq\/wp-json\/wp\/v2\/tags?post=259585"}],"curies":[{"name":"wp","href":"https:\/\/api.w.org\/{rel}","templated":true}]}}