{"id":259598,"date":"2022-05-19T21:39:22","date_gmt":"2022-05-19T19:39:22","guid":{"rendered":"https:\/\/zjarr.tv\/?p=259598"},"modified":"2022-05-19T21:39:22","modified_gmt":"2022-05-19T19:39:22","slug":"ilir-meta-i-zhgenjyer-nga-spak-kishte-mundesi-ti-arrestonte-te-gjithe-para-zgjedhjeve-u-lajmeruan-dhe-u-larguan-ashtu-si-pronaret-e-inceneratoreve","status":"publish","type":"post","link":"https:\/\/zjarr.tv\/sq\/ilir-meta-i-zhgenjyer-nga-spak-kishte-mundesi-ti-arrestonte-te-gjithe-para-zgjedhjeve-u-lajmeruan-dhe-u-larguan-ashtu-si-pronaret-e-inceneratoreve\/","title":{"rendered":"Ilir Meta i \u201czhg\u00ebnjyer\u201d nga SPAK: Kishte mund\u00ebsi t\u2019i arrestonte t\u00eb gjith\u00eb para zgjedhjeve! U lajm\u00ebruan dhe u larguan, ashtu si pronar\u00ebt e incenerator\u00ebve"},"content":{"rendered":"<p>Presidenti Ilir Meta ka folur p\u00ebr operacionin e Policis\u00eb n\u00eb bashk\u00ebpunim me SPAK, ku u arrestuan 18 persona t\u00eb bot\u00ebs s\u00eb krimit, nd\u00ebrkoh\u00eb q\u00eb u shpall\u00ebn n\u00eb k\u00ebrkim 14 t\u00eb tjer\u00eb. <\/p>\n<p>Meta tha se SPAK kishte mund\u00ebsi q\u00eb t\u2019i arrestonte k\u00ebta persona p\u00ebrpara zgjedhjeve t\u00eb 25 Prillit t\u00eb vitit t\u00eb kaluar, teksa shtoi se disa prej tyre u lajm\u00ebruan dhe u larguan, ashtu si\u00e7 ndodhi me pronar\u00ebt e incenerator\u00ebve. <\/p>\n<p>\u201cUn\u00eb besoj q\u00eb SPAK i ka pasur t\u00eb gjith\u00eb mund\u00ebsit\u00eb t\u00eb veproj\u00eb p\u00ebrpara zgjedhjeve. Shum\u00eb nga k\u00ebta emra e kan\u00eb sfiduar Policin\u00eb, por duhet t\u00eb ishin ndaluar p\u00ebrpara zgjedhjeve. Gati gjysma e personave nuk jan\u00eb arrestuar por jan\u00eb larguar, dhe kjo nuk \u00ebsht\u00eb pozitive. Fakti q\u00eb n\u00eb media ka rrjedhur informacioni se zot\u00ebria i ndaluar ka folur, prap\u00eb nuk \u00ebsht\u00eb pozitive, dhe kjo na kujton afer\u00ebn e incenerator\u00ebve, na kujton urdhrat p\u00ebr ndalimet e pronar\u00ebve t\u00eb incenerator\u00ebve, t\u00eb cil\u00ebt nuk jan\u00eb ekzekutuar, pasi edhe ata jan\u00eb lajm\u00ebruar. <\/p>\n<p>Do doja shum\u00eb t\u00eb ishte aksion i sinqert\u00eb kund\u00ebr bot\u00ebs s\u00eb krimit, pa ndar\u00eb \u00e7unat e partis\u00eb nga ata q\u00eb do b\u00ebhen koka turku. \u00cbsht\u00eb e r\u00ebnd\u00ebsishme q\u00eb institucionet t\u00eb hetojn\u00eb p\u00ebrse nuk ka qen\u00eb sukses i plot\u00eb arrestimi i t\u00eb gjith\u00ebve, ndaj duhet t\u00eb punohet p\u00ebr ta \u00e7liruar Shqip\u00ebrin\u00eb nga bandat, pasi shum\u00eb prej tyre kan\u00eb qen\u00eb n\u00eb Kuvend dhe n\u00eb krye t\u00eb bashkive\u201d, tha Meta n\u00eb MCN.<\/p>\n","protected":false},"excerpt":{"rendered":"<p>Presidenti Ilir Meta ka folur p\u00ebr operacionin e Policis\u00eb n\u00eb bashk\u00ebpunim me SPAK, ku u arrestuan 18 persona t\u00eb bot\u00ebs s\u00eb krimit, nd\u00ebrkoh\u00eb q\u00eb u shpall\u00ebn n\u00eb k\u00ebrkim 14 t\u00eb tjer\u00eb. Meta tha se SPAK kishte mund\u00ebsi q\u00eb t\u2019i arrestonte k\u00ebta persona p\u00ebrpara zgjedhjeve t\u00eb 25 Prillit t\u00eb vitit t\u00eb kaluar, teksa shtoi se disa [&hellip;]<\/p>\n","protected":false},"author":2031,"featured_media":176481,"comment_status":"closed","ping_status":"closed","sticky":false,"template":"","format":"standard","meta":{"footnotes":""},"categories":[241,231,235],"tags":[],"class_list":{"0":"post-259598","1":"post","2":"type-post","3":"status-publish","4":"format-standard","5":"has-post-thumbnail","7":"category-aktualitet","8":"category-lajme","9":"category-vendi"},"_links":{"self":[{"href":"https:\/\/zjarr.tv\/sq\/wp-json\/wp\/v2\/posts\/259598","targetHints":{"allow":["GET"]}}],"collection":[{"href":"https:\/\/zjarr.tv\/sq\/wp-json\/wp\/v2\/posts"}],"about":[{"href":"https:\/\/zjarr.tv\/sq\/wp-json\/wp\/v2\/types\/post"}],"author":[{"embeddable":true,"href":"https:\/\/zjarr.tv\/sq\/wp-json\/wp\/v2\/users\/2031"}],"replies":[{"embeddable":true,"href":"https:\/\/zjarr.tv\/sq\/wp-json\/wp\/v2\/comments?post=259598"}],"version-history":[{"count":0,"href":"https:\/\/zjarr.tv\/sq\/wp-json\/wp\/v2\/posts\/259598\/revisions"}],"wp:featuredmedia":[{"embeddable":true,"href":"https:\/\/zjarr.tv\/sq\/wp-json\/wp\/v2\/media\/176481"}],"wp:attachment":[{"href":"https:\/\/zjarr.tv\/sq\/wp-json\/wp\/v2\/media?parent=259598"}],"wp:term":[{"taxonomy":"category","embeddable":true,"href":"https:\/\/zjarr.tv\/sq\/wp-json\/wp\/v2\/categories?post=259598"},{"taxonomy":"post_tag","embeddable":true,"href":"https:\/\/zjarr.tv\/sq\/wp-json\/wp\/v2\/tags?post=259598"}],"curies":[{"name":"wp","href":"https:\/\/api.w.org\/{rel}","templated":true}]}}