{"id":259989,"date":"2022-05-22T12:02:34","date_gmt":"2022-05-22T10:02:34","guid":{"rendered":"https:\/\/zjarr.tv\/?p=259989"},"modified":"2022-05-22T12:02:34","modified_gmt":"2022-05-22T10:02:34","slug":"zgjedhjet-per-kreun-e-ri-te-pd-baci-nga-fieri-procesi-do-te-shtyhet-nese-do-te-kete-anetare-qe-nuk-kane-votuar-deri-ne-1800","status":"publish","type":"post","link":"https:\/\/zjarr.tv\/sq\/zgjedhjet-per-kreun-e-ri-te-pd-baci-nga-fieri-procesi-do-te-shtyhet-nese-do-te-kete-anetare-qe-nuk-kane-votuar-deri-ne-1800\/","title":{"rendered":"Zgjedhjet p\u00ebr kreun e ri t\u00eb PD, Ba\u00e7i nga Fieri: Procesi do t\u00eb shtyhet n\u00ebse do t\u00eb ket\u00eb an\u00ebtar\u00eb q\u00eb nuk kan\u00eb votuar deri n\u00eb 18:00"},"content":{"rendered":"<p>Procesi i votimit p\u00ebr kreun e ri t\u00eb PD, i nisur n\u00eb or\u00ebn 08:00 t\u00eb m\u00ebngjesit n\u00eb Fier vijon normalisht.<\/p>\n<p>Sipas deputetit Luan Ba\u00e7i, i cili po ndjek nga af\u00ebr k\u00ebt\u00eb proces, an\u00ebntar\u00ebsia \u00ebsht\u00eb duke votuar normalisht, nd\u00ebrsa p\u00ebr t\u00eb krijuar m\u00eb tep\u00ebr leht\u00ebsi p\u00ebr an\u00ebtar\u00ebsin\u00eb, \u00ebsht\u00eb shtuar numri i qendrave.<\/p>\n<p>Ba\u00e7i: Ka filluar procesi sipas orarit zyrtar t\u00eb publikuar nga PDSH n\u00eb t\u00eb 6 deg\u00ebt. N\u00eb deg\u00ebn e Fierit jan\u00eb 6 qendra votimi p\u00ebr t\u00eb pasur sa m\u00eb t\u00eb leht\u00eb q\u00eb an\u00ebtar\u00ebt e PD ta ken\u00eb sa m\u00eb af\u00ebr kutin\u00eb e votimit p\u00ebr t\u00eb patur dhe pjes\u00ebmarrje m\u00eb te madhe pasi n\u00eb raste te tjera ka ndodhur q\u00eb pjes\u00ebmarrja ka qen\u00eb e kufizuar p\u00ebr arsye t\u00eb distancave t\u00eb gjata t\u00eb qendave t\u00eb votimit.<\/p>\n<p>Orari zyrtar \u00ebsht\u00eb deri n\u00eb oren 18:00 por n\u00eb baz\u00eb t\u00eb prurjes q\u00eb mund t\u00eb ket\u00eb, n\u00ebse ka an\u00ebtar\u00eb q\u00eb duan t\u00eb votojn\u00eb procesi mund t\u00eb shtyhet. M\u00eb pas do t\u00eb vijohet me num\u00ebrimin e fl\u00ebt\u00ebve t\u00eb votimit n\u00eb qendrat e votimit dhe rezultati del menj\u00ebher\u00eb n\u00eb qendrat\u00a0 e votimit.<\/p>\n<p>Pas mbylljes s\u00eb procesit t\u00eb votimit do t\u00eb b\u00ebhet edhe num\u00ebrimi dhe cdo qend\u00ebr do t\u00eb shpall fituesin mes dy kandidaturave Sali Berisha dhe Ibsen Elezi.<\/p>\n","protected":false},"excerpt":{"rendered":"<p>Procesi i votimit p\u00ebr kreun e ri t\u00eb PD, i nisur n\u00eb or\u00ebn 08:00 t\u00eb m\u00ebngjesit n\u00eb Fier vijon normalisht. Sipas deputetit Luan Ba\u00e7i, i cili po ndjek nga af\u00ebr k\u00ebt\u00eb proces, an\u00ebntar\u00ebsia \u00ebsht\u00eb duke votuar normalisht, nd\u00ebrsa p\u00ebr t\u00eb krijuar m\u00eb tep\u00ebr leht\u00ebsi p\u00ebr an\u00ebtar\u00ebsin\u00eb, \u00ebsht\u00eb shtuar numri i qendrave. Ba\u00e7i: Ka filluar procesi [&hellip;]<\/p>\n","protected":false},"author":2020,"featured_media":259990,"comment_status":"closed","ping_status":"closed","sticky":false,"template":"","format":"standard","meta":{"footnotes":""},"categories":[241,5380,231],"tags":[],"class_list":{"0":"post-259989","1":"post","2":"type-post","3":"status-publish","4":"format-standard","5":"has-post-thumbnail","7":"category-aktualitet","8":"category-kryesore","9":"category-lajme"},"_links":{"self":[{"href":"https:\/\/zjarr.tv\/sq\/wp-json\/wp\/v2\/posts\/259989","targetHints":{"allow":["GET"]}}],"collection":[{"href":"https:\/\/zjarr.tv\/sq\/wp-json\/wp\/v2\/posts"}],"about":[{"href":"https:\/\/zjarr.tv\/sq\/wp-json\/wp\/v2\/types\/post"}],"author":[{"embeddable":true,"href":"https:\/\/zjarr.tv\/sq\/wp-json\/wp\/v2\/users\/2020"}],"replies":[{"embeddable":true,"href":"https:\/\/zjarr.tv\/sq\/wp-json\/wp\/v2\/comments?post=259989"}],"version-history":[{"count":0,"href":"https:\/\/zjarr.tv\/sq\/wp-json\/wp\/v2\/posts\/259989\/revisions"}],"wp:featuredmedia":[{"embeddable":true,"href":"https:\/\/zjarr.tv\/sq\/wp-json\/wp\/v2\/media\/259990"}],"wp:attachment":[{"href":"https:\/\/zjarr.tv\/sq\/wp-json\/wp\/v2\/media?parent=259989"}],"wp:term":[{"taxonomy":"category","embeddable":true,"href":"https:\/\/zjarr.tv\/sq\/wp-json\/wp\/v2\/categories?post=259989"},{"taxonomy":"post_tag","embeddable":true,"href":"https:\/\/zjarr.tv\/sq\/wp-json\/wp\/v2\/tags?post=259989"}],"curies":[{"name":"wp","href":"https:\/\/api.w.org\/{rel}","templated":true}]}}