{"id":259994,"date":"2022-05-22T12:14:12","date_gmt":"2022-05-22T10:14:12","guid":{"rendered":"https:\/\/zjarr.tv\/?p=259994"},"modified":"2022-05-22T12:14:12","modified_gmt":"2022-05-22T10:14:12","slug":"zgjedhjet-ne-pd-per-kryetarin-e-ri-flet-basha-te-mos-leme-mbetjet-e-komunimizit-te-relativizojne-dhimbjen-dhe-pergjegjesite-e-te-shkuares","status":"publish","type":"post","link":"https:\/\/zjarr.tv\/sq\/zgjedhjet-ne-pd-per-kryetarin-e-ri-flet-basha-te-mos-leme-mbetjet-e-komunimizit-te-relativizojne-dhimbjen-dhe-pergjegjesite-e-te-shkuares\/","title":{"rendered":"Zgjedhjet n\u00eb PD p\u00ebr kryetarin e ri, flet Basha: T\u00eb mos l\u00ebm\u00eb mbetjet e komunimizit t\u00eb relativizojn\u00eb dhimbjen dhe p\u00ebrgjegj\u00ebsit\u00eb e t\u00eb shkuar\u00ebs"},"content":{"rendered":"<p>Sot po zhvillohen zgjedhjet p\u00ebr kreun e ri t\u00eb Partis\u00eb Demokratike, ku p\u00ebrball\u00eb ish-kryeministrit Sali berisha garon Ibsen Elezi, nd\u00ebrkoh\u00eb, ish-kryedemokrati Lulzim Basha, n\u00eb nj\u00eb postim n\u00eb rrjetet sociale, ka kujtuar revolt\u00ebn e Qaf\u00eb Barit n\u00eb 22 Maj 1984, ku qindra t\u00eb brugosur politik\u00eb sfiduan regjimin.<\/p>\n<p>Sipas Bash\u00ebs, revolta Qaf\u00eb Barit \u00ebsht\u00eb pjes\u00eb e trash\u00ebgimis\u00eb politike t\u00eb rezistenc\u00ebs antikomuniste, ndaj nuk duhen lejuar mbetjet e komunimizit t\u00eb relativizojn\u00eb dhimbjen dhe p\u00ebrgjegj\u00ebsit\u00eb e t\u00eb shkuar\u00ebs, p\u00ebr t\u00eb mos e marr\u00eb kurr\u00eb lirin\u00eb si t\u00eb mir\u00ebqen\u00eb.<\/p>\n<p><img loading=\"lazy\" decoding=\"async\" class=\"alignnone size-full wp-image-259995\" src=\"https:\/\/zjarr.tv\/wp-content\/uploads\/2022\/05\/post-300x232-1.png\" alt=\"\" width=\"300\" height=\"232\" \/><\/p>\n","protected":false},"excerpt":{"rendered":"<p>Sot po zhvillohen zgjedhjet p\u00ebr kreun e ri t\u00eb Partis\u00eb Demokratike, ku p\u00ebrball\u00eb ish-kryeministrit Sali berisha garon Ibsen Elezi, nd\u00ebrkoh\u00eb, ish-kryedemokrati Lulzim Basha, n\u00eb nj\u00eb postim n\u00eb rrjetet sociale, ka kujtuar revolt\u00ebn e Qaf\u00eb Barit n\u00eb 22 Maj 1984, ku qindra t\u00eb brugosur politik\u00eb sfiduan regjimin. Sipas Bash\u00ebs, revolta Qaf\u00eb Barit \u00ebsht\u00eb pjes\u00eb e trash\u00ebgimis\u00eb [&hellip;]<\/p>\n","protected":false},"author":2020,"featured_media":173852,"comment_status":"closed","ping_status":"closed","sticky":false,"template":"","format":"standard","meta":{"footnotes":""},"categories":[241,5380,231],"tags":[],"class_list":{"0":"post-259994","1":"post","2":"type-post","3":"status-publish","4":"format-standard","5":"has-post-thumbnail","7":"category-aktualitet","8":"category-kryesore","9":"category-lajme"},"_links":{"self":[{"href":"https:\/\/zjarr.tv\/sq\/wp-json\/wp\/v2\/posts\/259994","targetHints":{"allow":["GET"]}}],"collection":[{"href":"https:\/\/zjarr.tv\/sq\/wp-json\/wp\/v2\/posts"}],"about":[{"href":"https:\/\/zjarr.tv\/sq\/wp-json\/wp\/v2\/types\/post"}],"author":[{"embeddable":true,"href":"https:\/\/zjarr.tv\/sq\/wp-json\/wp\/v2\/users\/2020"}],"replies":[{"embeddable":true,"href":"https:\/\/zjarr.tv\/sq\/wp-json\/wp\/v2\/comments?post=259994"}],"version-history":[{"count":0,"href":"https:\/\/zjarr.tv\/sq\/wp-json\/wp\/v2\/posts\/259994\/revisions"}],"wp:featuredmedia":[{"embeddable":true,"href":"https:\/\/zjarr.tv\/sq\/wp-json\/wp\/v2\/media\/173852"}],"wp:attachment":[{"href":"https:\/\/zjarr.tv\/sq\/wp-json\/wp\/v2\/media?parent=259994"}],"wp:term":[{"taxonomy":"category","embeddable":true,"href":"https:\/\/zjarr.tv\/sq\/wp-json\/wp\/v2\/categories?post=259994"},{"taxonomy":"post_tag","embeddable":true,"href":"https:\/\/zjarr.tv\/sq\/wp-json\/wp\/v2\/tags?post=259994"}],"curies":[{"name":"wp","href":"https:\/\/api.w.org\/{rel}","templated":true}]}}