{"id":260182,"date":"2022-05-23T12:34:49","date_gmt":"2022-05-23T10:34:49","guid":{"rendered":"https:\/\/zjarr.tv\/?p=260182"},"modified":"2022-05-23T12:34:49","modified_gmt":"2022-05-23T10:34:49","slug":"kryediplomati-grek-nis-viziten-zyrtare-ne-tirane-pas-kreut-te-omonias-dendias-takohet-me-janullatos-dhe-xhacken","status":"publish","type":"post","link":"https:\/\/zjarr.tv\/sq\/kryediplomati-grek-nis-viziten-zyrtare-ne-tirane-pas-kreut-te-omonias-dendias-takohet-me-janullatos-dhe-xhacken\/","title":{"rendered":"Kryediplomati grek nis vizit\u00ebn zyrtare n\u00eb Tiran\u00eb\/ Pas kreut t\u00eb Omonias, Dendias takohet me Janullatos dhe Xha\u00e7k\u00ebn!"},"content":{"rendered":"<p>N\u00eb nj\u00eb postim n\u00eb Twitter, Dendias ka ndar\u00eb foto nga takimi, nd\u00ebrsa shprehet se me Belerin kan\u00eb diskutuar sa i takon problematikave t\u00eb minoritetit grek n\u00eb Shqip\u00ebri.<\/p>\n<p>\u201cN\u00eb nisjen e vizit\u00ebs time n\u00eb Tiran\u00eb, u takova me Presidentin e deg\u00ebs s\u00eb Omonias n\u00eb Himar\u00eb, Fredi Beleri, i cili m\u00eb informoi mbi \u00e7\u00ebshtjet dhe problematikat e minoritetit grek n\u00eb Shqip\u00ebri\u201d, shkruan ai.<\/p>\n<p>M\u00eb tej ai \u00ebsht\u00eb takuar me kryepeshkopin Anastas Janullatos.<\/p>\n<p>\u201cGjat\u00eb vizit\u00ebs sime n\u00eb Tiran\u00eb pata nj\u00eb takim t\u00eb p\u00ebrzem\u00ebrt me kryepeshkopin e Tiran\u00ebs, Durr\u00ebsit dhe gjith\u00eb Shqip\u00ebris\u00eb, Anastas Janullatos\u201d, shprehet ai.<\/p>\n<p>Vizita e radh\u00ebs ka qen\u00eb me homologen Olta Xha\u00e7ka.<\/p>\n<p>\u201cU takova sot n\u00eb Tiran\u00eb me homologen time shqiptare Olta\u00a0 Xha\u00e7ka. Rendi i dit\u00ebs: Forcimi i marr\u00ebdh\u00ebnieve dypal\u00ebshe n\u00eb t\u00eb gjitha fushat, P\u00ebrgatitja e Samitit t\u00eb Procesit t\u00eb Bashk\u00ebpunimit t\u00eb Evrop\u00ebs Juglindore &amp; Perspektiva e Ballkanit, Zhvillimet n\u00eb Mesdheun Lindor dhe Ukrain\u00eb pas pushtimit\u201d, shkruan ministri grek n\u00eb Twitter.<\/p>\n","protected":false},"excerpt":{"rendered":"<p>N\u00eb nj\u00eb postim n\u00eb Twitter, Dendias ka ndar\u00eb foto nga takimi, nd\u00ebrsa shprehet se me Belerin kan\u00eb diskutuar sa i takon problematikave t\u00eb minoritetit grek n\u00eb Shqip\u00ebri. \u201cN\u00eb nisjen e vizit\u00ebs time n\u00eb Tiran\u00eb, u takova me Presidentin e deg\u00ebs s\u00eb Omonias n\u00eb Himar\u00eb, Fredi Beleri, i cili m\u00eb informoi mbi \u00e7\u00ebshtjet dhe problematikat e [&hellip;]<\/p>\n","protected":false},"author":2016,"featured_media":260187,"comment_status":"closed","ping_status":"closed","sticky":false,"template":"","format":"standard","meta":{"footnotes":""},"categories":[241,231,1454],"tags":[],"class_list":{"0":"post-260182","1":"post","2":"type-post","3":"status-publish","4":"format-standard","5":"has-post-thumbnail","7":"category-aktualitet","8":"category-lajme","9":"category-politike"},"_links":{"self":[{"href":"https:\/\/zjarr.tv\/sq\/wp-json\/wp\/v2\/posts\/260182","targetHints":{"allow":["GET"]}}],"collection":[{"href":"https:\/\/zjarr.tv\/sq\/wp-json\/wp\/v2\/posts"}],"about":[{"href":"https:\/\/zjarr.tv\/sq\/wp-json\/wp\/v2\/types\/post"}],"author":[{"embeddable":true,"href":"https:\/\/zjarr.tv\/sq\/wp-json\/wp\/v2\/users\/2016"}],"replies":[{"embeddable":true,"href":"https:\/\/zjarr.tv\/sq\/wp-json\/wp\/v2\/comments?post=260182"}],"version-history":[{"count":0,"href":"https:\/\/zjarr.tv\/sq\/wp-json\/wp\/v2\/posts\/260182\/revisions"}],"wp:featuredmedia":[{"embeddable":true,"href":"https:\/\/zjarr.tv\/sq\/wp-json\/wp\/v2\/media\/260187"}],"wp:attachment":[{"href":"https:\/\/zjarr.tv\/sq\/wp-json\/wp\/v2\/media?parent=260182"}],"wp:term":[{"taxonomy":"category","embeddable":true,"href":"https:\/\/zjarr.tv\/sq\/wp-json\/wp\/v2\/categories?post=260182"},{"taxonomy":"post_tag","embeddable":true,"href":"https:\/\/zjarr.tv\/sq\/wp-json\/wp\/v2\/tags?post=260182"}],"curies":[{"name":"wp","href":"https:\/\/api.w.org\/{rel}","templated":true}]}}