{"id":260969,"date":"2022-05-26T18:50:53","date_gmt":"2022-05-26T16:50:53","guid":{"rendered":"https:\/\/zjarr.tv\/?p=260969"},"modified":"2022-05-26T18:50:53","modified_gmt":"2022-05-26T16:50:53","slug":"pse-shqiptaret-i-dhunojne-ndersa-te-huajt-i-lejojne-tu-permjerrin-mu-te-dera-e-qeverise","status":"publish","type":"post","link":"https:\/\/zjarr.tv\/sq\/pse-shqiptaret-i-dhunojne-ndersa-te-huajt-i-lejojne-tu-permjerrin-mu-te-dera-e-qeverise\/","title":{"rendered":"Pse shqiptar\u00ebt i dhunojn\u00eb nd\u00ebrsa t\u00eb huajt i lejojn\u00eb t\u2019u p\u00ebrmjerrin mu te dera e Qeveris\u00eb"},"content":{"rendered":"<p>Nga Alfred Lela<\/p>\n<p>Tirana e s\u00eb mart\u00ebs dhe t\u00eb m\u00ebrkur\u00ebs ka qen\u00eb nj\u00eb qytet i n\u00ebnshtruar, s\u00eb bashku me banor\u00ebt e saj. \u00cbsht\u00eb i q\u00ebllimt\u00eb mosp\u00ebrdorimi i termit \u2018qytetar\u2019, sepse ky i fundit shenjon, jo vet\u00ebm nj\u00eb lidhje me qytetin si hap\u00ebsir\u00eb urbane, por edhe \u2018qytetin e mendjes\u2019.<\/p>\n<p>Tirana dhe banor\u00ebt e saj, t\u00eb ardhur rishtas, t\u00eb mb\u00ebrritur n\u00eb etapa t\u00eb ndryshme t\u00eb zhvendosjeve politike, apo autokton\u00ebt, kan\u00eb gjetur gjithmon\u00eb zem\u00ebrat\u00eb p\u00ebr t\u00eb reaguar ndaj tipologjive t\u00eb ndryshme t\u00eb shqiptarit \u2018t\u00eb huaj\u2019.<\/p>\n<p>Si n\u00eb tubime politike, ashtu edhe n\u00eb festa t\u00eb ndryshme laike apo fetare, \u00ebsht\u00eb shpalosur nj\u00ebfar\u00eb g\u00ebrdie ndaj mitingash\u00ebve t\u00eb pardjesh\u00ebm apo protestuesve t\u00eb djesh\u00ebm. Ekskluzive kan\u00eb qen\u00eb reagimet e kryetarit t\u00eb Bashkis\u00eb Veliaj, i cili nuk ka p\u00ebrtuar t\u00eb pozicionohet superior n\u00eb raport me shqiptar\u00ebt e periferis\u00eb s\u00eb qytetit apo t\u00eb provincave t\u00eb shtetit, sidomos atyre politike.<\/p>\n<p>Protestat e opozit\u00ebs kan\u00eb qen\u00eb gjithmon\u00eb sh\u00ebnjestra e parap\u00eblqyer. Nj\u00eb rendje me gaz p\u00ebr t\u00eb skicuar shtamp\u00ebn e nj\u00eb kontrasti mes tij dhe socialist\u00ebve \u2018t\u00eb ndri\u00e7uar\u2019 dhe shpellar\u00ebve t\u00eb \u2018an\u00ebs tjet\u00ebr\u2019. Sjellja e p\u00ebrunjur ndaj turmave t\u00eb tifozerive t\u00eb huaja k\u00ebto dit\u00eb kan\u00eb d\u00ebshmuar se ata q\u00eb i shohin bashkatdhetar\u00ebt nga lart dhe t\u00eb huajt nga posht\u00eb, demonstrojn\u00eb komplekse inferioriteti.<\/p>\n<p>E nj\u00ebjta gj\u00eb mund t\u00eb thuhet p\u00ebr aparatin e Policis\u00eb dhe shefat e saj, teknik\u00eb apo politik\u00eb. Nj\u00eb polic u plagos r\u00ebnd\u00eb, sipas raportimeve mediatike, shum\u00eb t\u00eb tjer\u00eb u l\u00ebnduan apo u rrah\u00ebn nga turmat e pakontrollueshme t\u00eb holandez\u00ebve. \u00c7ka u vu re ishte nj\u00eb vet\u00ebp\u00ebrmbajtje e pahasur m\u00eb par\u00eb n\u00eb k\u00ebto an\u00eb.<\/p>\n<p>T\u00eb nj\u00ebjt\u00ebt polic\u00eb q\u00eb kan\u00eb dhunuar gazetar\u00eb, protestues, politikan\u00eb, f\u00ebmij\u00eb, gra e me radh\u00eb, pranuan t\u00eb rriheshin nga \u2018viking\u00ebt\u2019. As uj\u00eb me kamion\u00eb, as gaz lotsjell\u00ebs, as gj\u00ebmime me vrap apo me makina rrug\u00ebve t\u00eb kryeqytetit, n\u00eb skena q\u00eb t\u00eb kujtonin Amerik\u00ebn e viteve \u201860 kur polic\u00ebt e bardh\u00eb ndiqnin afro-amerikan\u00ebt t\u00eb ngritur n\u00eb protesta.<\/p>\n<p>Askush k\u00ebsaj radhe nuk u duk te kryet e fashuar mbi shtratin e policit t\u00eb plagosur nga holandez\u00ebt, p\u00ebr ta kthyer at\u00eb n\u00eb \u2018hero t\u00eb dit\u00ebs\u2019. As Kryeministri, as kryetari i Bashkis\u00eb dhe as ministri i Brendsh\u00ebm. Ai polic anonim nuk duhej dje, dhe as sot, p\u00ebr ta p\u00ebrdorur si plumb manovre politike p\u00ebr kund\u00ebrshtarin.<\/p>\n<p>Kjo sken\u00eb hipokrite na u kursye, por jo pezmi p\u00ebr sjelljen me dy standarde t\u00eb qeveritar\u00ebve tan\u00eb: dishepuj t\u00eb dhun\u00ebs kund\u00ebr t\u00eb vet\u00ebve dhe t\u00eb krishter\u00eb t\u00eb faqes tjet\u00ebr me t\u00eb huajt. T\u00eb gatsh\u00ebm p\u00ebr t\u00eb mos toleruar ushtrimin e t\u00eb drejtave politike t\u00eb qytetar\u00ebve t\u00eb tyre, por kryeulur para shfrimeve t\u00eb t\u00eb huajve.<\/p>\n<p>Sigurisht, duhet th\u00ebn\u00eb, ndeshja Roma-Feyenoord ishte nj\u00eb sukses. Si p\u00ebr sigurimin e nj\u00eb finaleje europiane, merit\u00eb e cila mendoj se i shkon Federat\u00ebs dhe jo Qeveris\u00eb, por edhe p\u00ebr ngritjen e infrastruktur\u00ebs s\u00eb p\u00ebrshtatshme p\u00ebr t\u00eb. Por n\u00eb k\u00ebt\u00eb pik\u00eb nuk kishim pse dyshonim: kur vjen puna te cirku kjo qeveri t\u00eb than pet\u00ebn. Sa u takon paradigmave t\u00eb m\u00ebdha t\u00eb qeverisjes, mjafton fakti se borxhi publik \u00ebsht\u00eb dyfishuar q\u00eb nga koha kur e mor\u00ebn shtetin n\u00eb dor\u00eb.<\/p>\n<p>Holandez\u00ebt, q\u00eb urinoin n\u00eb mes t\u00eb dit\u00ebs mbi paletat e rrethimit t\u00eb Teatrit Komb\u00ebtar, mu p\u00ebrball\u00eb ministris\u00eb s\u00eb Brendshme, mjaftojn\u00eb p\u00ebr ilustrimin e menaxhmentit t\u00eb Shqip\u00ebris\u00eb.<\/p>\n<p>Jemi n\u00ebnshtetas t\u00eb nj\u00eb pushteti q\u00eb u p\u00ebrkulet si vasal t\u00eb huajve, nd\u00ebrsa t\u00eb vet\u00ebve u thot\u00eb se do t\u2019u publikoj\u00eb rrogat, do ti ndjek\u00eb me patronazhist\u00eb, apo se do t\u2019i lejoj\u00eb nx\u00ebn\u00ebsit t\u00eb b\u00ebhen student\u00eb me mesatare 6.5. Si gazetar\u00eb e p\u00ebrkthyes, sigurisht.<\/p>\n<p>Ai urinim publik e kolektiv, \u00ebsht\u00eb metafora m\u00eb p\u00ebrshkruese p\u00ebr pushtetar\u00ebt tan\u00eb. Pse jo edhe nj\u00eb id\u00e9 e mir\u00eb p\u00ebr protestat e opozit\u00ebs, kurdo t\u2019ju vij\u00eb koha. Nj\u00eb pshurrje kolektive p\u00ebr ujin, gazin lotsjell\u00ebs, aktet prej t\u00eb n\u00ebnshtruari t\u00eb shtetit t\u00eb tyre dhe tirad\u00ebn e skandaleve dhe vjedhjeve.<\/p>\n","protected":false},"excerpt":{"rendered":"<p>Nga Alfred Lela Tirana e s\u00eb mart\u00ebs dhe t\u00eb m\u00ebrkur\u00ebs ka qen\u00eb nj\u00eb qytet i n\u00ebnshtruar, s\u00eb bashku me banor\u00ebt e saj. \u00cbsht\u00eb i q\u00ebllimt\u00eb mosp\u00ebrdorimi i termit \u2018qytetar\u2019, sepse ky i fundit shenjon, jo vet\u00ebm nj\u00eb lidhje me qytetin si hap\u00ebsir\u00eb urbane, por edhe \u2018qytetin e mendjes\u2019. Tirana dhe banor\u00ebt e saj, t\u00eb ardhur [&hellip;]<\/p>\n","protected":false},"author":2030,"featured_media":260970,"comment_status":"closed","ping_status":"closed","sticky":false,"template":"","format":"standard","meta":{"footnotes":""},"categories":[241,3365,3366,5380,231],"tags":[],"class_list":{"0":"post-260969","1":"post","2":"type-post","3":"status-publish","4":"format-standard","5":"has-post-thumbnail","7":"category-aktualitet","8":"category-analize","9":"category-koment","10":"category-kryesore","11":"category-lajme"},"_links":{"self":[{"href":"https:\/\/zjarr.tv\/sq\/wp-json\/wp\/v2\/posts\/260969","targetHints":{"allow":["GET"]}}],"collection":[{"href":"https:\/\/zjarr.tv\/sq\/wp-json\/wp\/v2\/posts"}],"about":[{"href":"https:\/\/zjarr.tv\/sq\/wp-json\/wp\/v2\/types\/post"}],"author":[{"embeddable":true,"href":"https:\/\/zjarr.tv\/sq\/wp-json\/wp\/v2\/users\/2030"}],"replies":[{"embeddable":true,"href":"https:\/\/zjarr.tv\/sq\/wp-json\/wp\/v2\/comments?post=260969"}],"version-history":[{"count":0,"href":"https:\/\/zjarr.tv\/sq\/wp-json\/wp\/v2\/posts\/260969\/revisions"}],"wp:featuredmedia":[{"embeddable":true,"href":"https:\/\/zjarr.tv\/sq\/wp-json\/wp\/v2\/media\/260970"}],"wp:attachment":[{"href":"https:\/\/zjarr.tv\/sq\/wp-json\/wp\/v2\/media?parent=260969"}],"wp:term":[{"taxonomy":"category","embeddable":true,"href":"https:\/\/zjarr.tv\/sq\/wp-json\/wp\/v2\/categories?post=260969"},{"taxonomy":"post_tag","embeddable":true,"href":"https:\/\/zjarr.tv\/sq\/wp-json\/wp\/v2\/tags?post=260969"}],"curies":[{"name":"wp","href":"https:\/\/api.w.org\/{rel}","templated":true}]}}