{"id":261505,"date":"2022-05-29T13:06:33","date_gmt":"2022-05-29T11:06:33","guid":{"rendered":"https:\/\/zjarr.tv\/?p=261505"},"modified":"2022-05-29T13:06:33","modified_gmt":"2022-05-29T11:06:33","slug":"publikohen-pamjet-u-bllokua-per-12-ore-ne-humnere-ja-momenti-kur-kfor-i-dhe-ekipi-renea-s-shpetojne-oficerin","status":"publish","type":"post","link":"https:\/\/zjarr.tv\/sq\/publikohen-pamjet-u-bllokua-per-12-ore-ne-humnere-ja-momenti-kur-kfor-i-dhe-ekipi-renea-s-shpetojne-oficerin\/","title":{"rendered":"Publikohen pamjet\/ U bllokua p\u00ebr 12 or\u00eb n\u00eb humner\u00eb, ja momenti kur KFOR-i dhe ekipi RENEA-s shp\u00ebtojn\u00eb oficerin"},"content":{"rendered":"<p>Policia ka publikuar pamjet e shp\u00ebtimit t\u00eb n\u00ebnkomisarit t\u00eb Shkodr\u00ebs Rrok Frroku, i cili u rr\u00ebzua n\u00eb humner\u00eb dhe mbeti i bllokuar p\u00ebr 12 or\u00eb n\u00eb fshatin Shosh t\u00eb Dukagjinit.<\/p>\n<p>Rrok Frroku kishte r\u00ebn\u00eb n\u00eb humner\u00eb gjat\u00eb operacionit antikanabis n\u00eb Dukagjin.<\/p>\n<p>Nd\u00ebrkoh\u00eb b\u00ebhet me dije se fal\u00eb ndihm\u00ebs s\u00eb KFOR-it u mund\u00ebsua transportimi me helikopter, drejt Spitalit Ushtarak Tiran\u00eb, i oficerit t\u00eb Policis\u00eb.<\/p>\n<p>Oficeri i Policis\u00eb u rr\u00ebzua gjat\u00eb kontrollit n\u00eb terren s\u00eb bashku me grupin e kontrollit, n\u00eb kuad\u00ebr t\u00eb planit t\u00eb masave p\u00ebr kontrollin e territorit, p\u00ebr goditjen e veprimtaris\u00eb kriminale t\u00eb kultivimit t\u00eb bim\u00ebve narkotike.<\/p>\n<p><a href=\"https:\/\/www.facebook.com\/policiashtetitshqiptar\/videos\/4881667141956180\">https:\/\/www.facebook.com\/policiashtetitshqiptar\/videos\/4881667141956180<\/a><\/p>\n","protected":false},"excerpt":{"rendered":"<p>Policia ka publikuar pamjet e shp\u00ebtimit t\u00eb n\u00ebnkomisarit t\u00eb Shkodr\u00ebs Rrok Frroku, i cili u rr\u00ebzua n\u00eb humner\u00eb dhe mbeti i bllokuar p\u00ebr 12 or\u00eb n\u00eb fshatin Shosh t\u00eb Dukagjinit. Rrok Frroku kishte r\u00ebn\u00eb n\u00eb humner\u00eb gjat\u00eb operacionit antikanabis n\u00eb Dukagjin. Nd\u00ebrkoh\u00eb b\u00ebhet me dije se fal\u00eb ndihm\u00ebs s\u00eb KFOR-it u mund\u00ebsua transportimi me helikopter, [&hellip;]<\/p>\n","protected":false},"author":2030,"featured_media":261506,"comment_status":"closed","ping_status":"closed","sticky":false,"template":"","format":"standard","meta":{"footnotes":""},"categories":[241,5380,231],"tags":[],"class_list":{"0":"post-261505","1":"post","2":"type-post","3":"status-publish","4":"format-standard","5":"has-post-thumbnail","7":"category-aktualitet","8":"category-kryesore","9":"category-lajme"},"_links":{"self":[{"href":"https:\/\/zjarr.tv\/sq\/wp-json\/wp\/v2\/posts\/261505","targetHints":{"allow":["GET"]}}],"collection":[{"href":"https:\/\/zjarr.tv\/sq\/wp-json\/wp\/v2\/posts"}],"about":[{"href":"https:\/\/zjarr.tv\/sq\/wp-json\/wp\/v2\/types\/post"}],"author":[{"embeddable":true,"href":"https:\/\/zjarr.tv\/sq\/wp-json\/wp\/v2\/users\/2030"}],"replies":[{"embeddable":true,"href":"https:\/\/zjarr.tv\/sq\/wp-json\/wp\/v2\/comments?post=261505"}],"version-history":[{"count":0,"href":"https:\/\/zjarr.tv\/sq\/wp-json\/wp\/v2\/posts\/261505\/revisions"}],"wp:featuredmedia":[{"embeddable":true,"href":"https:\/\/zjarr.tv\/sq\/wp-json\/wp\/v2\/media\/261506"}],"wp:attachment":[{"href":"https:\/\/zjarr.tv\/sq\/wp-json\/wp\/v2\/media?parent=261505"}],"wp:term":[{"taxonomy":"category","embeddable":true,"href":"https:\/\/zjarr.tv\/sq\/wp-json\/wp\/v2\/categories?post=261505"},{"taxonomy":"post_tag","embeddable":true,"href":"https:\/\/zjarr.tv\/sq\/wp-json\/wp\/v2\/tags?post=261505"}],"curies":[{"name":"wp","href":"https:\/\/api.w.org\/{rel}","templated":true}]}}