{"id":262991,"date":"2022-06-05T13:13:04","date_gmt":"2022-06-05T11:13:04","guid":{"rendered":"https:\/\/zjarr.tv\/?p=262991"},"modified":"2022-06-05T13:13:04","modified_gmt":"2022-06-05T11:13:04","slug":"dita-e-mjedisit-tirana-prezanton-teknologjine-e-re-me-kazane-nentokesore-per-mbetjet-veliaj-non-gratat-te-merren-me-hallet-e-tyre","status":"publish","type":"post","link":"https:\/\/zjarr.tv\/sq\/dita-e-mjedisit-tirana-prezanton-teknologjine-e-re-me-kazane-nentokesore-per-mbetjet-veliaj-non-gratat-te-merren-me-hallet-e-tyre\/","title":{"rendered":"Dita e Mjedisit\/ Tirana prezanton teknologjin\u00eb e re me kazan\u00eb n\u00ebntok\u00ebsor\u00eb p\u00ebr mbetjet, Veliaj: \u2018Non gratat\u2019 t\u00eb merren me hallet e tyre!"},"content":{"rendered":"<p>Tirana do t\u00eb p\u00ebrdor\u00eb nj\u00eb teknologji t\u00eb re p\u00ebr grumbullimin dhe diferencimin e mbetjeve.Mbetjet nuk do t\u00eb hidhen m\u00eb n\u00eb koshat ku jemi m\u00ebsuar deri m\u00eb tani, por n\u00eb kontejner\u00eb n\u00ebntok\u00ebsor\u00eb, t\u00eb cil\u00ebt nuk krijojn\u00eb papast\u00ebrti p\u00ebrreth tyre dhe shmangin aromat e k\u00ebqija, sidomos n\u00eb ver\u00eb. Kjo m\u00ebnyr\u00eb e re e mbledhjes s\u00eb mbeturinave q\u00eb do t\u00eb pilotohet fillimisht n\u00eb disa pika t\u00eb Tiran\u00ebs, do t\u00eb shtrihet m\u00eb pas edhe n\u00eb zona t\u00eb tjera.<\/p>\n<p>Prezantimi i teknologjis\u00eb s\u00eb re u b\u00eb n\u00eb prani t\u00eb kryetarit t\u00eb Bashkis\u00eb s\u00eb Tiran\u00ebs, Erion Veliaj dhe ambasadorit italian n\u00eb vendin ton\u00eb, Fabrizio Bucci. Kryebashkiaku Veliaj tha se nj\u00eb bashk\u00ebpunim midis Bashkis\u00eb s\u00eb Tiran\u00ebs dhe asaj t\u00eb Veron\u00ebs, e m\u00eb von\u00eb edhe Vi\u00e7enc\u00ebs, \u00ebsht\u00eb nj\u00eb nga historit\u00eb e suksesit n\u00eb menaxhimin publik.<\/p>\n<p>\u201cHistoria m\u00eb e madhe e suksesit n\u00eb menaxhimin publik ishte partneriteti q\u00eb b\u00ebm\u00eb me Veron\u00ebn. Tani na \u00ebsht\u00eb bashkuar edhe Bashkia e Vi\u00e7enc\u00ebs. N\u00eb fillim pati kund\u00ebrshti, dikush shkruante n\u00eb portale se \u2018po na marrin pun\u00ebn\u2019, por qartazi tani puna b\u00ebhet m\u00eb mir\u00eb dhe m\u00eb lir\u00eb\u201d, tha Veliaj.<\/p>\n<p>Ai k\u00ebrkoi bashk\u00ebpunimin e qytetar\u00ebve p\u00ebr suksesin e nism\u00ebs s\u00eb re, pasi \u00ebsht\u00eb e nevojshme edhe nj\u00eb mentalitet i ri. Sot ka njer\u00ebz, t\u00eb cil\u00ebt e kan\u00eb drejtuar k\u00ebt\u00eb vend, ish president dhe ish kryeminist\u00ebr q\u00eb thon\u00eb \u201cjan\u00eb mafioz\u00eb k\u00ebta t\u00eb Rom\u00ebs, mafioz\u00eb k\u00ebta t\u00eb Vi\u00e7enc\u00ebs, edhe k\u00ebta t\u00eb Butrintit\u201d. Po si mund t\u00eb vijn\u00eb investitor\u00ebt kur ti d\u00ebgjon nj\u00eb ish president dhe ish kryeminist\u00ebr, i cili sot \u00ebsht\u00eb shpallur \u2018non grata\u2019, q\u00eb i v\u00eb emrin \u2018mafioz\u2019 kujtdo q\u00eb i prish interesin? Nj\u00eb vend normal nuk funksionon k\u00ebshtu.<\/p>\n<p>Ndaj, p\u00ebrpara se t\u00eb pastrojm\u00eb rrug\u00ebt e asfaltit t\u00eb Tiran\u00ebs, duhet t\u00eb pastrojm\u00eb nj\u00ebher\u00eb rrug\u00ebt e logjik\u00ebs ton\u00eb, t\u00eb b\u00ebhemi njer\u00ebz per\u00ebndimor\u00eb; n\u00ebse kan\u00eb di\u00e7ka, le t\u00eb shkojn\u00eb t\u2019i denoncojn\u00eb \u2013 a thua se i zgjidh\u00ebn k\u00ebta non-gratat problemet e tyre k\u00ebtu dhe tani po merren edhe me hallet e Veron\u00ebs dhe Vi\u00e7enc\u00ebs! Kjo \u00e7menduri duhet t\u00eb ndaloj\u00eb, n\u00ebse duam t\u00eb jemi nj\u00eb vend i hapur, n\u00ebse duam t\u00eb jemi nj\u00eb vend q\u00eb i mir\u00ebpret sip\u00ebrmarr\u00ebsit\u201d, deklaroi ai.<\/p>\n<p>Ambasadori italian n\u00eb Tiran\u00eb, Fabrizio Bucci vler\u00ebsoi se teknologjia e re n\u00eb mbledhjen e mbetjeve do t\u00eb ket\u00eb nj\u00eb impakt t\u00eb r\u00ebnd\u00ebsish\u00ebm edhe n\u00eb uljen e nivelit t\u00eb ndotjes n\u00eb kryeqytet.<\/p>\n<p>\u00cbsht\u00eb nj\u00eb partneritet q\u00eb funksionon shum\u00eb mir\u00eb. Ne nuk shohim at\u00eb \u00e7ka kemi b\u00ebr\u00eb, por drejt asaj q\u00eb duam t\u00eb b\u00ebjm\u00eb; mendojm\u00eb p\u00ebr at\u00eb q\u00eb do t\u00eb b\u00ebjm\u00eb nes\u00ebr. Tirana po investon n\u00eb k\u00ebta kontenier\u00eb t\u00eb nj\u00eb teknologjie t\u00eb re, t\u00eb cil\u00ebt do t\u00eb ulin ndotjen e mjedisit dhe do t\u00eb sh\u00ebrbejn\u00eb n\u00eb p\u00ebrmir\u00ebsimin e efikasitetit t\u00eb mbledhjes s\u00eb plehrave\u201d, shtoi ambasadori Bucci.<\/p>\n","protected":false},"excerpt":{"rendered":"<p>Tirana do t\u00eb p\u00ebrdor\u00eb nj\u00eb teknologji t\u00eb re p\u00ebr grumbullimin dhe diferencimin e mbetjeve.Mbetjet nuk do t\u00eb hidhen m\u00eb n\u00eb koshat ku jemi m\u00ebsuar deri m\u00eb tani, por n\u00eb kontejner\u00eb n\u00ebntok\u00ebsor\u00eb, t\u00eb cil\u00ebt nuk krijojn\u00eb papast\u00ebrti p\u00ebrreth tyre dhe shmangin aromat e k\u00ebqija, sidomos n\u00eb ver\u00eb. Kjo m\u00ebnyr\u00eb e re e mbledhjes s\u00eb mbeturinave q\u00eb [&hellip;]<\/p>\n","protected":false},"author":2020,"featured_media":262992,"comment_status":"closed","ping_status":"closed","sticky":false,"template":"","format":"standard","meta":{"footnotes":""},"categories":[241,5380,231],"tags":[],"class_list":{"0":"post-262991","1":"post","2":"type-post","3":"status-publish","4":"format-standard","5":"has-post-thumbnail","7":"category-aktualitet","8":"category-kryesore","9":"category-lajme"},"_links":{"self":[{"href":"https:\/\/zjarr.tv\/sq\/wp-json\/wp\/v2\/posts\/262991","targetHints":{"allow":["GET"]}}],"collection":[{"href":"https:\/\/zjarr.tv\/sq\/wp-json\/wp\/v2\/posts"}],"about":[{"href":"https:\/\/zjarr.tv\/sq\/wp-json\/wp\/v2\/types\/post"}],"author":[{"embeddable":true,"href":"https:\/\/zjarr.tv\/sq\/wp-json\/wp\/v2\/users\/2020"}],"replies":[{"embeddable":true,"href":"https:\/\/zjarr.tv\/sq\/wp-json\/wp\/v2\/comments?post=262991"}],"version-history":[{"count":0,"href":"https:\/\/zjarr.tv\/sq\/wp-json\/wp\/v2\/posts\/262991\/revisions"}],"wp:featuredmedia":[{"embeddable":true,"href":"https:\/\/zjarr.tv\/sq\/wp-json\/wp\/v2\/media\/262992"}],"wp:attachment":[{"href":"https:\/\/zjarr.tv\/sq\/wp-json\/wp\/v2\/media?parent=262991"}],"wp:term":[{"taxonomy":"category","embeddable":true,"href":"https:\/\/zjarr.tv\/sq\/wp-json\/wp\/v2\/categories?post=262991"},{"taxonomy":"post_tag","embeddable":true,"href":"https:\/\/zjarr.tv\/sq\/wp-json\/wp\/v2\/tags?post=262991"}],"curies":[{"name":"wp","href":"https:\/\/api.w.org\/{rel}","templated":true}]}}