{"id":263166,"date":"2022-06-06T14:05:48","date_gmt":"2022-06-06T12:05:48","guid":{"rendered":"https:\/\/zjarr.tv\/?p=263166"},"modified":"2022-06-06T14:05:48","modified_gmt":"2022-06-06T12:05:48","slug":"kopjac-kengetari-i-njohur-shqiptar-nxjerr-blof-kryeministrin-rama-publikon-foton-qe-po-thyen-rrjetin","status":"publish","type":"post","link":"https:\/\/zjarr.tv\/sq\/kopjac-kengetari-i-njohur-shqiptar-nxjerr-blof-kryeministrin-rama-publikon-foton-qe-po-thyen-rrjetin\/","title":{"rendered":"&#8220;Kopjac&#8221;, k\u00ebng\u00ebtari i njohur shqiptar nxjerr blof kryeministrin Rama, publikon foton q\u00eb po thyen rrjetin"},"content":{"rendered":"<p>Vizitor\u00eb kurioz\u00eb, aventurier\u00eb t\u00eb lart\u00ebsive, biolog\u00eb, arkeolog\u00eb e gazetar\u00eb ngjiten drejt Nivic\u00ebs, p\u00ebr kuriozitet apo pun\u00eb shkencore dhe ndeshen me nj\u00eb panoram\u00eb krejt tjet\u00ebr, me nj\u00eb natyr\u00eb t\u00eb pad\u00ebmtuar e t\u00eb mir\u00ebkujdesur.<\/p>\n<p>Nuk kan\u00eb munguar as figurat publike, si p\u00ebr shembull Elgit Doda dhe kryeministri Edi Rama. Producenti ka realizuar videoklipin e k\u00ebng\u00ebs s\u00eb tij t\u00eb re n\u00eb bashk\u00ebpunim me Xhensila Myrtezajn n\u00eb Nivic\u00eb. Aty ky ka qen\u00eb kreu i qeveris\u00eb p\u00ebr nj\u00eb vizit\u00eb pune s\u00eb fundmi. Ata ka shkrepur foto nga i nj\u00ebjti vend ku ka realizuar sken\u00ebn e videoklipit Elgiti.<\/p>\n<p>Ka qen\u00eb ky i fundit q\u00eb ka ndar\u00eb foton e Ram\u00ebs n\u00eb Instagram duke shk\u00ebmbyer batuta me t\u00eb. \u201cA m\u00ebr kopjac, m\u00ebr kopjac\u201d- ka shkruar ai teksa m\u00eb pas ka publikuar edhe foton e klipit.<\/p>\n<p>Nga kryeministri nuk ka patur nj\u00eb p\u00ebrgjigje t\u00eb pakt\u00ebn publikisht, teksa jemi kurioz\u00eb n\u00ebse ka patur nj\u00eb komunikim privat mes tyre dhe se si ia ka kthyer batut\u00ebn Edi Rama.<\/p>\n<p><img loading=\"lazy\" decoding=\"async\" class=\"alignnone size-medium wp-image-263167\" src=\"https:\/\/zjarr.tv\/wp-content\/uploads\/2022\/06\/Untitled-design-94-300x169.jpg\" alt=\"\" width=\"300\" height=\"169\" srcset=\"https:\/\/zjarr.tv\/wp-content\/uploads\/2022\/06\/Untitled-design-94-300x169.jpg 300w, https:\/\/zjarr.tv\/wp-content\/uploads\/2022\/06\/Untitled-design-94-1024x576.jpg 1024w, https:\/\/zjarr.tv\/wp-content\/uploads\/2022\/06\/Untitled-design-94-768x432.jpg 768w, https:\/\/zjarr.tv\/wp-content\/uploads\/2022\/06\/Untitled-design-94-1536x864.jpg 1536w, https:\/\/zjarr.tv\/wp-content\/uploads\/2022\/06\/Untitled-design-94-696x392.jpg 696w, https:\/\/zjarr.tv\/wp-content\/uploads\/2022\/06\/Untitled-design-94-1068x601.jpg 1068w, https:\/\/zjarr.tv\/wp-content\/uploads\/2022\/06\/Untitled-design-94-747x420.jpg 747w, https:\/\/zjarr.tv\/wp-content\/uploads\/2022\/06\/Untitled-design-94.jpg 1920w\" sizes=\"auto, (max-width: 300px) 100vw, 300px\" \/><img loading=\"lazy\" decoding=\"async\" class=\"alignnone size-medium wp-image-263168\" src=\"https:\/\/zjarr.tv\/wp-content\/uploads\/2022\/06\/Untitled-design-93-300x169.jpg\" alt=\"\" width=\"300\" height=\"169\" srcset=\"https:\/\/zjarr.tv\/wp-content\/uploads\/2022\/06\/Untitled-design-93-300x169.jpg 300w, https:\/\/zjarr.tv\/wp-content\/uploads\/2022\/06\/Untitled-design-93-1024x576.jpg 1024w, https:\/\/zjarr.tv\/wp-content\/uploads\/2022\/06\/Untitled-design-93-768x432.jpg 768w, https:\/\/zjarr.tv\/wp-content\/uploads\/2022\/06\/Untitled-design-93-1536x864.jpg 1536w, https:\/\/zjarr.tv\/wp-content\/uploads\/2022\/06\/Untitled-design-93-696x392.jpg 696w, https:\/\/zjarr.tv\/wp-content\/uploads\/2022\/06\/Untitled-design-93-1068x601.jpg 1068w, https:\/\/zjarr.tv\/wp-content\/uploads\/2022\/06\/Untitled-design-93-747x420.jpg 747w, https:\/\/zjarr.tv\/wp-content\/uploads\/2022\/06\/Untitled-design-93.jpg 1920w\" sizes=\"auto, (max-width: 300px) 100vw, 300px\" \/><\/p>\n","protected":false},"excerpt":{"rendered":"<p>Vizitor\u00eb kurioz\u00eb, aventurier\u00eb t\u00eb lart\u00ebsive, biolog\u00eb, arkeolog\u00eb e gazetar\u00eb ngjiten drejt Nivic\u00ebs, p\u00ebr kuriozitet apo pun\u00eb shkencore dhe ndeshen me nj\u00eb panoram\u00eb krejt tjet\u00ebr, me nj\u00eb natyr\u00eb t\u00eb pad\u00ebmtuar e t\u00eb mir\u00ebkujdesur. Nuk kan\u00eb munguar as figurat publike, si p\u00ebr shembull Elgit Doda dhe kryeministri Edi Rama. Producenti ka realizuar videoklipin e k\u00ebng\u00ebs s\u00eb tij [&hellip;]<\/p>\n","protected":false},"author":2030,"featured_media":263169,"comment_status":"closed","ping_status":"closed","sticky":false,"template":"","format":"standard","meta":{"footnotes":""},"categories":[241,3366,231,193],"tags":[],"class_list":{"0":"post-263166","1":"post","2":"type-post","3":"status-publish","4":"format-standard","5":"has-post-thumbnail","7":"category-aktualitet","8":"category-koment","9":"category-lajme","10":"category-showbiz"},"_links":{"self":[{"href":"https:\/\/zjarr.tv\/sq\/wp-json\/wp\/v2\/posts\/263166","targetHints":{"allow":["GET"]}}],"collection":[{"href":"https:\/\/zjarr.tv\/sq\/wp-json\/wp\/v2\/posts"}],"about":[{"href":"https:\/\/zjarr.tv\/sq\/wp-json\/wp\/v2\/types\/post"}],"author":[{"embeddable":true,"href":"https:\/\/zjarr.tv\/sq\/wp-json\/wp\/v2\/users\/2030"}],"replies":[{"embeddable":true,"href":"https:\/\/zjarr.tv\/sq\/wp-json\/wp\/v2\/comments?post=263166"}],"version-history":[{"count":0,"href":"https:\/\/zjarr.tv\/sq\/wp-json\/wp\/v2\/posts\/263166\/revisions"}],"wp:featuredmedia":[{"embeddable":true,"href":"https:\/\/zjarr.tv\/sq\/wp-json\/wp\/v2\/media\/263169"}],"wp:attachment":[{"href":"https:\/\/zjarr.tv\/sq\/wp-json\/wp\/v2\/media?parent=263166"}],"wp:term":[{"taxonomy":"category","embeddable":true,"href":"https:\/\/zjarr.tv\/sq\/wp-json\/wp\/v2\/categories?post=263166"},{"taxonomy":"post_tag","embeddable":true,"href":"https:\/\/zjarr.tv\/sq\/wp-json\/wp\/v2\/tags?post=263166"}],"curies":[{"name":"wp","href":"https:\/\/api.w.org\/{rel}","templated":true}]}}