{"id":263172,"date":"2022-06-06T14:08:31","date_gmt":"2022-06-06T12:08:31","guid":{"rendered":"https:\/\/zjarr.tv\/?p=263172"},"modified":"2022-06-06T14:08:31","modified_gmt":"2022-06-06T12:08:31","slug":"deklaratat-e-lavrov-vasili-deshmojne-se-ballkani-i-hapur-eshte-nje-nisme-ruso-serbe-rama-eshte-sherbetori-i-tyre","status":"publish","type":"post","link":"https:\/\/zjarr.tv\/sq\/deklaratat-e-lavrov-vasili-deshmojne-se-ballkani-i-hapur-eshte-nje-nisme-ruso-serbe-rama-eshte-sherbetori-i-tyre\/","title":{"rendered":"Deklaratat e Lavrov, Vasili : D\u00ebshmojn\u00eb se \u201cBallkani i Hapur\u201d \u00ebsht\u00eb nj\u00eb nism\u00eb Ruso-Serbe, Rama \u00ebsht\u00eb sh\u00ebrb\u00ebtori i tyre"},"content":{"rendered":"<p>N\u00ebnkryetari i LSI Petrit Vasili ka reaguar pas deklaratave t\u00eb ministrit t\u00eb Jasht\u00ebn rus Sergei Lavrov, q\u00eb foli me tone t\u00eb ashpra pas anulimit t\u00eb vizit\u00ebs s\u00eb tij n\u00eb Serbi.<\/p>\n<p>Lavrov tha se Brukseli po t\u00ebrheq fijet dhe se nuk po mb\u00ebshtet \u201cBallkanin e Hapur\u201d.<\/p>\n<p>Nd\u00ebrkoh\u00eb sipas Vasilit, Lavrov rikonfirmoi sipas tij se Ballkani i Hapur \u00ebsht\u00eb nj\u00eb nism\u00eb Ruso-Serbe.<\/p>\n<p>Postimi i Vasilit:<\/p>\n<p>Lavrov dekonspiron Ballkanin e Hapur si nisme Ruso Serbe!!<\/p>\n<p>Sot Lavrov nxjerr haptas ne shesh qe Ballkani i Hapur eshte nje strategji Ruso Serbe.<\/p>\n<p>Ai tha sot:<\/p>\n<p>Lavrov: Natyrisht, ata q\u00eb po i t\u00ebrheqin fijet n\u00eb Bruksel nuk e kan\u00eb dashur k\u00ebt\u00eb, nuk kan\u00eb dashur q\u00eb ne t\u2019i shprehim mb\u00ebshtetjen ton\u00eb p\u00ebr Beogradin, nd\u00ebr t\u00eb tjera, projektin e Ballkanit t\u00eb Hapur. Tashm\u00eb \u00ebsht\u00eb e qart\u00eb p\u00ebr t\u00eb gjith\u00eb se Brukseli, NATO dhe BE duan ta kthejn\u00eb Ballkanin n\u00eb projektin e tyre t\u00eb quajtur Ballkani i Mbyllur- tha ministri i Jasht\u00ebm rus.<\/p>\n<p>Pak jave me pare i kerkova Parlamentit Shqiptar me Amendament daljen e menjehershme nga Ballkani i Hapur si nje nisme Ruso Serbe dhe anti Euroatlantike.<\/p>\n<p>Votimi kunder ishte nje votim tradhetaresh.<\/p>\n<p>Ja ku e keni deshmine tronditese ne fjalet e Lavrov.<\/p>\n<p>Letrat u hapen, Rama eshte thjesht nje sherbetor i bindur i interesave Ruso Serbe.<\/p>\n","protected":false},"excerpt":{"rendered":"<p>N\u00ebnkryetari i LSI Petrit Vasili ka reaguar pas deklaratave t\u00eb ministrit t\u00eb Jasht\u00ebn rus Sergei Lavrov, q\u00eb foli me tone t\u00eb ashpra pas anulimit t\u00eb vizit\u00ebs s\u00eb tij n\u00eb Serbi. Lavrov tha se Brukseli po t\u00ebrheq fijet dhe se nuk po mb\u00ebshtet \u201cBallkanin e Hapur\u201d. Nd\u00ebrkoh\u00eb sipas Vasilit, Lavrov rikonfirmoi sipas tij se Ballkani i [&hellip;]<\/p>\n","protected":false},"author":2030,"featured_media":263174,"comment_status":"closed","ping_status":"closed","sticky":false,"template":"","format":"standard","meta":{"footnotes":""},"categories":[241,3366,5380,231,1454],"tags":[],"class_list":{"0":"post-263172","1":"post","2":"type-post","3":"status-publish","4":"format-standard","5":"has-post-thumbnail","7":"category-aktualitet","8":"category-koment","9":"category-kryesore","10":"category-lajme","11":"category-politike"},"_links":{"self":[{"href":"https:\/\/zjarr.tv\/sq\/wp-json\/wp\/v2\/posts\/263172","targetHints":{"allow":["GET"]}}],"collection":[{"href":"https:\/\/zjarr.tv\/sq\/wp-json\/wp\/v2\/posts"}],"about":[{"href":"https:\/\/zjarr.tv\/sq\/wp-json\/wp\/v2\/types\/post"}],"author":[{"embeddable":true,"href":"https:\/\/zjarr.tv\/sq\/wp-json\/wp\/v2\/users\/2030"}],"replies":[{"embeddable":true,"href":"https:\/\/zjarr.tv\/sq\/wp-json\/wp\/v2\/comments?post=263172"}],"version-history":[{"count":0,"href":"https:\/\/zjarr.tv\/sq\/wp-json\/wp\/v2\/posts\/263172\/revisions"}],"wp:featuredmedia":[{"embeddable":true,"href":"https:\/\/zjarr.tv\/sq\/wp-json\/wp\/v2\/media\/263174"}],"wp:attachment":[{"href":"https:\/\/zjarr.tv\/sq\/wp-json\/wp\/v2\/media?parent=263172"}],"wp:term":[{"taxonomy":"category","embeddable":true,"href":"https:\/\/zjarr.tv\/sq\/wp-json\/wp\/v2\/categories?post=263172"},{"taxonomy":"post_tag","embeddable":true,"href":"https:\/\/zjarr.tv\/sq\/wp-json\/wp\/v2\/tags?post=263172"}],"curies":[{"name":"wp","href":"https:\/\/api.w.org\/{rel}","templated":true}]}}