{"id":263226,"date":"2022-06-06T15:31:13","date_gmt":"2022-06-06T13:31:13","guid":{"rendered":"https:\/\/zjarr.tv\/?p=263226"},"modified":"2022-06-06T15:31:13","modified_gmt":"2022-06-06T13:31:13","slug":"presidenca-ishte-kalaja-e-fundit-qe-pushtoi-edi-rama-cfare-u-ka-mbetur-pa-futur-nen-kontroll-dyshes-rama-veliaj","status":"publish","type":"post","link":"https:\/\/zjarr.tv\/sq\/presidenca-ishte-kalaja-e-fundit-qe-pushtoi-edi-rama-cfare-u-ka-mbetur-pa-futur-nen-kontroll-dyshes-rama-veliaj\/","title":{"rendered":"Presidenca ishte kalaja e fundit q\u00eb pushtoi Edi Rama. \u00c7far\u00eb u ka mbetur pa futur n\u00ebn kontroll dyshes Rama-Veliaj?"},"content":{"rendered":"<p>Nga Nilda Halili<\/p>\n<p>Presidenca ishte kalaja e fundit q\u00eb pushtoi Edi Rama.<\/p>\n<p>P\u00ebr zot\u00ebsin\u00eb e tij apo p\u00ebr faj\u00ebsin\u00eb e opozit\u00ebs, duhet pranuar se\u00a0 tashm\u00eb kryeministri nuk ka asnj\u00eb institucion kushtetues pa futur n\u00eb dor\u00eb.<\/p>\n<p>Parlamentin e ka t\u00eb tijin, pushtetin e ka personal, biznesi q\u00eb rri me syt\u00eb nga kryeministri, mediat q\u00eb i b\u00ebjn\u00eb temena \u201cBeut t\u00eb Surrelit\u201d, Erion Veliajn e ka m\u00ebkemb\u00ebs t\u00eb pushtetit, drejt\u00ebsia nuk guxon t\u00eb hetoj\u00eb pushtetin e ekzekutivit, me p\u00ebrjashtim t\u00eb ndonj\u00eb ministri q\u00eb vjen nga LSI; amerikan\u00ebt vdesin p\u00ebr Ram\u00ebn, europian\u00ebve iu b\u00ebn \u201czbor\u201d pasi jan\u00eb n\u00eb katrahur\u00eb q\u00ebkur iku Angela Merkel.<\/p>\n<p>Ka mbetur dhe presidenca e futbollit me Armando Duk\u00ebn, por me at\u00eb do t\u00eb merret n\u00eb vjesht\u00eb Erion Veliaj. Duhet marr\u00eb edhe ajo kala e fundit.<\/p>\n<p>E \u00e7\u2019t\u00eb marrin m\u00eb?!<\/p>\n<p>Gjith\u00e7ka e kan\u00eb n\u00ebn kontroll, Rama dhe Veliaj.<\/p>\n<p>Ka mbetur oksigjeni n\u00eb aj\u00ebr, por at\u00eb e ka fal Zoti dhe nuk e marrin dot.<\/p>\n","protected":false},"excerpt":{"rendered":"<p>Nga Nilda Halili Presidenca ishte kalaja e fundit q\u00eb pushtoi Edi Rama. P\u00ebr zot\u00ebsin\u00eb e tij apo p\u00ebr faj\u00ebsin\u00eb e opozit\u00ebs, duhet pranuar se\u00a0 tashm\u00eb kryeministri nuk ka asnj\u00eb institucion kushtetues pa futur n\u00eb dor\u00eb. Parlamentin e ka t\u00eb tijin, pushtetin e ka personal, biznesi q\u00eb rri me syt\u00eb nga kryeministri, mediat q\u00eb i b\u00ebjn\u00eb [&hellip;]<\/p>\n","protected":false},"author":2030,"featured_media":263227,"comment_status":"closed","ping_status":"closed","sticky":false,"template":"","format":"standard","meta":{"footnotes":""},"categories":[241,3366,5380,231],"tags":[],"class_list":{"0":"post-263226","1":"post","2":"type-post","3":"status-publish","4":"format-standard","5":"has-post-thumbnail","7":"category-aktualitet","8":"category-koment","9":"category-kryesore","10":"category-lajme"},"_links":{"self":[{"href":"https:\/\/zjarr.tv\/sq\/wp-json\/wp\/v2\/posts\/263226","targetHints":{"allow":["GET"]}}],"collection":[{"href":"https:\/\/zjarr.tv\/sq\/wp-json\/wp\/v2\/posts"}],"about":[{"href":"https:\/\/zjarr.tv\/sq\/wp-json\/wp\/v2\/types\/post"}],"author":[{"embeddable":true,"href":"https:\/\/zjarr.tv\/sq\/wp-json\/wp\/v2\/users\/2030"}],"replies":[{"embeddable":true,"href":"https:\/\/zjarr.tv\/sq\/wp-json\/wp\/v2\/comments?post=263226"}],"version-history":[{"count":0,"href":"https:\/\/zjarr.tv\/sq\/wp-json\/wp\/v2\/posts\/263226\/revisions"}],"wp:featuredmedia":[{"embeddable":true,"href":"https:\/\/zjarr.tv\/sq\/wp-json\/wp\/v2\/media\/263227"}],"wp:attachment":[{"href":"https:\/\/zjarr.tv\/sq\/wp-json\/wp\/v2\/media?parent=263226"}],"wp:term":[{"taxonomy":"category","embeddable":true,"href":"https:\/\/zjarr.tv\/sq\/wp-json\/wp\/v2\/categories?post=263226"},{"taxonomy":"post_tag","embeddable":true,"href":"https:\/\/zjarr.tv\/sq\/wp-json\/wp\/v2\/tags?post=263226"}],"curies":[{"name":"wp","href":"https:\/\/api.w.org\/{rel}","templated":true}]}}