{"id":263232,"date":"2022-06-06T15:49:48","date_gmt":"2022-06-06T13:49:48","guid":{"rendered":"https:\/\/zjarr.tv\/?p=263232"},"modified":"2022-06-06T15:49:48","modified_gmt":"2022-06-06T13:49:48","slug":"u-zgjodh-anetare-kryesie-ne-pd-floriana-garo-falenderon-demokratet-dhe-berishen-do-bej-me-te-miren-time","status":"publish","type":"post","link":"https:\/\/zjarr.tv\/sq\/u-zgjodh-anetare-kryesie-ne-pd-floriana-garo-falenderon-demokratet-dhe-berishen-do-bej-me-te-miren-time\/","title":{"rendered":"U zgjodh an\u00ebtare Kryesie n\u00eb PD, Floriana Garo falenderon demokrat\u00ebt dhe Berish\u00ebn: Do b\u00ebj m\u00eb t\u00eb mir\u00ebn time"},"content":{"rendered":"<p>Z\u00ebdh\u00ebn\u00ebsja e Foltores, Floriana Garo \u00ebsht\u00eb zgjedhur an\u00ebtare e Kryesis\u00eb s\u00eb Partis\u00eb Demokratike t\u00eb rithemeluar. Deputetja Albana Vokshi njoftoi sot organet drejtuese t\u00eb partis\u00eb dhe emrat p\u00ebrkat\u00ebs.<\/p>\n<p>Mes emrave q\u00eb ishin votuar p\u00ebr an\u00ebtar t\u00eb Kryesis\u00eb s\u00eb k\u00ebsaj force politike ishte dhe ai i Floriana Garos. Ajo ka qen\u00eb q\u00eb n\u00eb nisje t\u00eb Foltores krah Sali Berish\u00ebs dhe z\u00ebdh\u00ebn\u00ebse e \u00e7do vendimi q\u00eb merrej nga Grupi i Rithemelimit.<\/p>\n<p>\u201cI jam thellesisht mirenjohese Keshillit Kombetar per cdo vote qe me dha per te qene pjese e Kryesise se Partise Demokratike! Faleminderit Kyetarit Berisha qe me perzgjodhi te jem ne krah te tij ne Foltore, ne kete beteje te forte dhe plot me shprese!<\/p>\n<p>Faleminderit te gjithe demokrateve e simpatizanteve te PD qe me kane mbeshtetur e me kane dhene zemer gjate cdo momenti kur gjerat jane dukur tejet te veshtira. Sot ndihem shume e privilegjuar dhe premtoj qe do bej me te miren time per te justifikuar besimin tuaj\u201d, shkruan Garo.<\/p>\n","protected":false},"excerpt":{"rendered":"<p>Z\u00ebdh\u00ebn\u00ebsja e Foltores, Floriana Garo \u00ebsht\u00eb zgjedhur an\u00ebtare e Kryesis\u00eb s\u00eb Partis\u00eb Demokratike t\u00eb rithemeluar. Deputetja Albana Vokshi njoftoi sot organet drejtuese t\u00eb partis\u00eb dhe emrat p\u00ebrkat\u00ebs. Mes emrave q\u00eb ishin votuar p\u00ebr an\u00ebtar t\u00eb Kryesis\u00eb s\u00eb k\u00ebsaj force politike ishte dhe ai i Floriana Garos. Ajo ka qen\u00eb q\u00eb n\u00eb nisje t\u00eb Foltores krah [&hellip;]<\/p>\n","protected":false},"author":2020,"featured_media":263233,"comment_status":"closed","ping_status":"closed","sticky":false,"template":"","format":"standard","meta":{"footnotes":""},"categories":[241,5380,231],"tags":[],"class_list":{"0":"post-263232","1":"post","2":"type-post","3":"status-publish","4":"format-standard","5":"has-post-thumbnail","7":"category-aktualitet","8":"category-kryesore","9":"category-lajme"},"_links":{"self":[{"href":"https:\/\/zjarr.tv\/sq\/wp-json\/wp\/v2\/posts\/263232","targetHints":{"allow":["GET"]}}],"collection":[{"href":"https:\/\/zjarr.tv\/sq\/wp-json\/wp\/v2\/posts"}],"about":[{"href":"https:\/\/zjarr.tv\/sq\/wp-json\/wp\/v2\/types\/post"}],"author":[{"embeddable":true,"href":"https:\/\/zjarr.tv\/sq\/wp-json\/wp\/v2\/users\/2020"}],"replies":[{"embeddable":true,"href":"https:\/\/zjarr.tv\/sq\/wp-json\/wp\/v2\/comments?post=263232"}],"version-history":[{"count":0,"href":"https:\/\/zjarr.tv\/sq\/wp-json\/wp\/v2\/posts\/263232\/revisions"}],"wp:featuredmedia":[{"embeddable":true,"href":"https:\/\/zjarr.tv\/sq\/wp-json\/wp\/v2\/media\/263233"}],"wp:attachment":[{"href":"https:\/\/zjarr.tv\/sq\/wp-json\/wp\/v2\/media?parent=263232"}],"wp:term":[{"taxonomy":"category","embeddable":true,"href":"https:\/\/zjarr.tv\/sq\/wp-json\/wp\/v2\/categories?post=263232"},{"taxonomy":"post_tag","embeddable":true,"href":"https:\/\/zjarr.tv\/sq\/wp-json\/wp\/v2\/tags?post=263232"}],"curies":[{"name":"wp","href":"https:\/\/api.w.org\/{rel}","templated":true}]}}