{"id":263238,"date":"2022-06-06T16:11:03","date_gmt":"2022-06-06T14:11:03","guid":{"rendered":"https:\/\/zjarr.tv\/?p=263238"},"modified":"2022-06-06T16:11:03","modified_gmt":"2022-06-06T14:11:03","slug":"nikoll-lesi-me-kete-plakun-gerdalle-qe-ka-perballe-rama-do-iki-nga-pushteti-vetem-kur-ta-marre-zoti","status":"publish","type":"post","link":"https:\/\/zjarr.tv\/sq\/nikoll-lesi-me-kete-plakun-gerdalle-qe-ka-perballe-rama-do-iki-nga-pushteti-vetem-kur-ta-marre-zoti\/","title":{"rendered":"Nikoll Lesi: Me k\u00ebt\u00eb plakun g\u00ebrdall\u00eb q\u00eb ka p\u00ebrball\u00eb, Rama do iki nga pushteti vet\u00ebm kur ta marr\u00eb Zoti"},"content":{"rendered":"<p>Nikoll Lesi shkruan se Edi Rama nuk mund\u00a0 t\u00eb iki m\u00eb nga pushteti, kur p\u00ebrball\u00eb ka nj\u00eb plak g\u00ebrdall\u00eb si Sali Berisha.<\/p>\n<p>\u201cEdi Rama hyri n\u00eb historin\u00eb e Shqip\u00ebris\u00eb, ashtu sikurse donte.<\/p>\n<p>N\u00eb nj\u00eb intervist\u00eb, t\u00eb par\u00ebn si kryeminist\u00ebr, n\u00eb gazet\u00ebn KOHA JONE n\u00eb nentor 2013 ai tha se do t\u00eb iki nga pushteti vet\u00ebm kur t\u00eb kem b\u00ebr\u00eb histori.<\/p>\n<p>\u201cNuk kam ardhur p\u00ebr para n\u00eb pushtet, por q\u00eb t\u00eb hyj\u00eb n\u00eb histori me gj\u00ebra t\u00eb bukura\u201d.<\/p>\n<p>Tani kan\u00eb kaluar 8 vite e kusur nga ajo intervist\u00eb e Edi Ram\u00ebs.<\/p>\n<p>Kur pash\u00eb k\u00ebt\u00eb foton e sotme t\u00eb kryeministrit q\u00eb ka filluar t\u00eb b\u00ebj\u00eb pica mendova se tashm\u00eb po vjen FILLIMI I FUNDIT TE PUSHTETIT.<\/p>\n<p>Po jo!<\/p>\n<p>Edi Rama pasi mori edhe presidenc\u00ebn dje me nj\u00eb ushtarak t\u00eb urt\u00eb e q\u00eb mezi flet nj\u00eb fjal\u00eb t\u00eb keqe, tani p\u00ebrve\u00e7 picave mund t\u00eb filloj\u00eb edhe si kafexhi pasi fjal\u00ebtor brilant mbetet, dhe duke qen\u00eb se p\u00ebrball\u00eb gardhit t\u00eb krejt pushteteve ka nj\u00eb plak gerdall\u00eb, Rama tashm\u00eb mund t\u00eb ik\u00eb nga pushteti vet\u00ebm kur Ai, lart n\u00eb qiell, t\u00eb kujtohet p\u00ebr T\u00eb\u201d, shkruan Lesi.<\/p>\n","protected":false},"excerpt":{"rendered":"<p>Nikoll Lesi shkruan se Edi Rama nuk mund\u00a0 t\u00eb iki m\u00eb nga pushteti, kur p\u00ebrball\u00eb ka nj\u00eb plak g\u00ebrdall\u00eb si Sali Berisha. \u201cEdi Rama hyri n\u00eb historin\u00eb e Shqip\u00ebris\u00eb, ashtu sikurse donte. N\u00eb nj\u00eb intervist\u00eb, t\u00eb par\u00ebn si kryeminist\u00ebr, n\u00eb gazet\u00ebn KOHA JONE n\u00eb nentor 2013 ai tha se do t\u00eb iki nga pushteti vet\u00ebm [&hellip;]<\/p>\n","protected":false},"author":2020,"featured_media":212447,"comment_status":"closed","ping_status":"closed","sticky":false,"template":"","format":"standard","meta":{"footnotes":""},"categories":[241,5380,231],"tags":[],"class_list":{"0":"post-263238","1":"post","2":"type-post","3":"status-publish","4":"format-standard","5":"has-post-thumbnail","7":"category-aktualitet","8":"category-kryesore","9":"category-lajme"},"_links":{"self":[{"href":"https:\/\/zjarr.tv\/sq\/wp-json\/wp\/v2\/posts\/263238","targetHints":{"allow":["GET"]}}],"collection":[{"href":"https:\/\/zjarr.tv\/sq\/wp-json\/wp\/v2\/posts"}],"about":[{"href":"https:\/\/zjarr.tv\/sq\/wp-json\/wp\/v2\/types\/post"}],"author":[{"embeddable":true,"href":"https:\/\/zjarr.tv\/sq\/wp-json\/wp\/v2\/users\/2020"}],"replies":[{"embeddable":true,"href":"https:\/\/zjarr.tv\/sq\/wp-json\/wp\/v2\/comments?post=263238"}],"version-history":[{"count":0,"href":"https:\/\/zjarr.tv\/sq\/wp-json\/wp\/v2\/posts\/263238\/revisions"}],"wp:featuredmedia":[{"embeddable":true,"href":"https:\/\/zjarr.tv\/sq\/wp-json\/wp\/v2\/media\/212447"}],"wp:attachment":[{"href":"https:\/\/zjarr.tv\/sq\/wp-json\/wp\/v2\/media?parent=263238"}],"wp:term":[{"taxonomy":"category","embeddable":true,"href":"https:\/\/zjarr.tv\/sq\/wp-json\/wp\/v2\/categories?post=263238"},{"taxonomy":"post_tag","embeddable":true,"href":"https:\/\/zjarr.tv\/sq\/wp-json\/wp\/v2\/tags?post=263238"}],"curies":[{"name":"wp","href":"https:\/\/api.w.org\/{rel}","templated":true}]}}