{"id":263270,"date":"2022-06-07T07:41:42","date_gmt":"2022-06-07T05:41:42","guid":{"rendered":"https:\/\/zjarr.tv\/?p=263270"},"modified":"2022-06-07T07:41:42","modified_gmt":"2022-06-07T05:41:42","slug":"flutura-acka-revoltohet-ne-kuvend-me-taksat-e-shqiptareve-paguajne-sugargirls-per-sheiket-dhe-te-huajt-neper-ambasada","status":"publish","type":"post","link":"https:\/\/zjarr.tv\/sq\/flutura-acka-revoltohet-ne-kuvend-me-taksat-e-shqiptareve-paguajne-sugargirls-per-sheiket-dhe-te-huajt-neper-ambasada\/","title":{"rendered":"Flutura A\u00e7ka revoltohet n\u00eb Kuvend: Me taksat e shqiptar\u00ebve paguajn\u00eb \u201csugargirls\u201d p\u00ebr sheik\u00ebt dhe t\u00eb huajt n\u00ebp\u00ebr ambasada"},"content":{"rendered":"<p>Deputetja e Partis\u00eb Demokratike, Flutura A\u00e7ka, gjat\u00eb seanc\u00ebs s\u00eb dit\u00ebs s\u00eb sotme ka ngritur z\u00ebrin fort p\u00ebr rastin e Librazhdit, ku e reja u gjet nga vjehrri dhe vjehrra duke tradh\u00ebtuar bashk\u00ebshortin n\u00eb shtratin martesor.<\/p>\n<p>Nga foltorja e Kuvendit A\u00e7ka k\u00ebrkoi q\u00eb shteti t\u00eb reagoj\u00eb n\u00eb lidhje me k\u00ebt\u00eb rast t\u00eb cilin e konsideron si nj\u00eb ngjarje barbare.<\/p>\n<p>Deputetja thekson se t\u00eb rrah\u00ebsh nj\u00eb vajz\u00eb, ti heq\u00ebsh batanijen teksa ajo \u00ebsht\u00eb e zhveshur dhe ta turp\u00ebrosh at\u00eb publikisht n\u00eb interent \u00ebsht\u00eb krim p\u00ebr t\u00eb cilin ky shtet duhet t\u00eb reagoj\u00eb.<\/p>\n<p>\u201cPrej disa dit\u00ebsh kemi qen\u00eb d\u00ebshmitar\u00eb dhe aktor\u00eb t\u00eb nj\u00eb ngjarje t\u00eb hidhur ndaj nj\u00eb gruaje shqitpare. Po flas p\u00ebrngjarjen e Librazhdit, ku un\u00eb jam deputete bashk\u00eb me 13 koleg\u00eb t\u00eb tjer\u00eb.<\/p>\n<p>Kemi qen\u00eb ne shum\u00eb apatik\u00eb n\u00eb k\u00ebt\u00eb pike. N\u00eb syt\u00eb e mi jo mgjarje \u00ebsht\u00eb n\u00eb kufi t\u00eb primitivizmit, barbare. \u00c7do gabim q\u00eb b\u00ebn secili prej nesh nd\u00ebshkohet sipas normave t\u00eb caktuara. Por aman t\u00eb vendos\u00ebsh nj\u00eb grua n\u00eb qend\u00ebr t\u00eb boloris\u00eb komb\u00ebtare dhe shteti i p\u00ebrfaq\u00ebsuar nga polic\u00eb m\u00eb keq se familjar\u00ebt  e nj\u00eb vajze e cila u p\u00ebrpoq t\u00eb dal\u00eb e gjall\u00eb.<\/p>\n<p>Hyn n\u00eb intimitetin e saj pa leje me \u00e7izme me balt\u00eb, e rrahin me bastum, i heqin batanije q\u00eb ta shohin t\u00eb zhveshur dhe e fyejne, \u00ebsht\u00eb krim. I kujtojn\u00eb buk\u00ebn e shajn\u00eb n\u00eb kor \u00ebsht\u00eb krim. E hedhin n\u00eb internet p\u00ebr ta turp\u00ebruar publikiisht duke mos harruar q\u00eb ajo mund t\u00eb ishte motra apo vajza e tyre, \u00ebsht\u00eb krim.<\/p>\n<p>Ish burri e k\u00ebrc\u00ebnon se do ta vras\u00eb, v\u00ebllai e k\u00ebrc\u00ebnon se do ta vras\u00eb, \u00ebsht\u00eb krim.  Ku \u00ebsht\u00eb shteti? Apo mos u indiminua vall\u00eb shteti nga kjo tradh\u00ebti e k\u00ebsaj vajze. E kush, ky shtet q\u00eb bie fund e krye era seks.<\/p>\n<p>Ky shtet qe paguan sipas t\u00eb dh\u00ebnave t\u00eb gazetar\u00ebve, q\u00eb paguhen 800-1000 vet\u00eb, q\u00eb jane regjistruar n\u00eb institucione q\u00eb sparaqiten n\u00eb zyra dhe paguhen me taksat e shqiptar\u00ebve p\u00ebr sugargirls dhe zanate t\u00eb tjera prostitutive p\u00ebr ti ofruar t\u00eb huajve t\u00eb shumt\u00eb q\u00eb vijn\u00eb dhe ikin n\u00ebp\u00ebr ambasada, qoft\u00eb dhe sheik\u00ebve lart e posht\u00eb n\u00eb Shqip\u00ebri.<\/p>\n<p>Cfar\u00eb prisni ju denoncimin e vajza\u00ebs q\u00eb t\u00eb merrni masa? Ajo vajz\u00eb ka shp\u00ebtuar vet\u00ebm nga fakti q\u00eb bastumi nuk ishte automatic se tani do t\u00eb ishte harruar\u201d, tha A\u00e7ka.<\/p>\n","protected":false},"excerpt":{"rendered":"<p>Deputetja e Partis\u00eb Demokratike, Flutura A\u00e7ka, gjat\u00eb seanc\u00ebs s\u00eb dit\u00ebs s\u00eb sotme ka ngritur z\u00ebrin fort p\u00ebr rastin e Librazhdit, ku e reja u gjet nga vjehrri dhe vjehrra duke tradh\u00ebtuar bashk\u00ebshortin n\u00eb shtratin martesor. Nga foltorja e Kuvendit A\u00e7ka k\u00ebrkoi q\u00eb shteti t\u00eb reagoj\u00eb n\u00eb lidhje me k\u00ebt\u00eb rast t\u00eb cilin e konsideron si [&hellip;]<\/p>\n","protected":false},"author":2031,"featured_media":263271,"comment_status":"closed","ping_status":"closed","sticky":false,"template":"","format":"standard","meta":{"footnotes":""},"categories":[241,231],"tags":[],"class_list":{"0":"post-263270","1":"post","2":"type-post","3":"status-publish","4":"format-standard","5":"has-post-thumbnail","7":"category-aktualitet","8":"category-lajme"},"_links":{"self":[{"href":"https:\/\/zjarr.tv\/sq\/wp-json\/wp\/v2\/posts\/263270","targetHints":{"allow":["GET"]}}],"collection":[{"href":"https:\/\/zjarr.tv\/sq\/wp-json\/wp\/v2\/posts"}],"about":[{"href":"https:\/\/zjarr.tv\/sq\/wp-json\/wp\/v2\/types\/post"}],"author":[{"embeddable":true,"href":"https:\/\/zjarr.tv\/sq\/wp-json\/wp\/v2\/users\/2031"}],"replies":[{"embeddable":true,"href":"https:\/\/zjarr.tv\/sq\/wp-json\/wp\/v2\/comments?post=263270"}],"version-history":[{"count":0,"href":"https:\/\/zjarr.tv\/sq\/wp-json\/wp\/v2\/posts\/263270\/revisions"}],"wp:featuredmedia":[{"embeddable":true,"href":"https:\/\/zjarr.tv\/sq\/wp-json\/wp\/v2\/media\/263271"}],"wp:attachment":[{"href":"https:\/\/zjarr.tv\/sq\/wp-json\/wp\/v2\/media?parent=263270"}],"wp:term":[{"taxonomy":"category","embeddable":true,"href":"https:\/\/zjarr.tv\/sq\/wp-json\/wp\/v2\/categories?post=263270"},{"taxonomy":"post_tag","embeddable":true,"href":"https:\/\/zjarr.tv\/sq\/wp-json\/wp\/v2\/tags?post=263270"}],"curies":[{"name":"wp","href":"https:\/\/api.w.org\/{rel}","templated":true}]}}