{"id":263470,"date":"2022-06-08T11:32:29","date_gmt":"2022-06-08T09:32:29","guid":{"rendered":"https:\/\/zjarr.tv\/?p=263470"},"modified":"2022-06-08T11:32:29","modified_gmt":"2022-06-08T09:32:29","slug":"vucic-i-premton-helikoptere-per-zjarret-rama-na-dhane-edhe-grure-se-nuk-do-kishim-buke","status":"publish","type":"post","link":"https:\/\/zjarr.tv\/sq\/vucic-i-premton-helikoptere-per-zjarret-rama-na-dhane-edhe-grure-se-nuk-do-kishim-buke\/","title":{"rendered":"Vu\u00e7i\u00e7 i premton helikopter\u00eb p\u00ebr zjarret, Rama: Na dhan\u00eb edhe grur\u00eb se nuk do kishim buk\u00eb"},"content":{"rendered":"<p>P\u00ebr t\u00eb kuptuar se sa e mjeruar \u00ebsht\u00eb Shqip\u00ebria e Edi Ram\u00ebs dhe sa e varur do b\u00ebhet ajo nga Serbia, mjaftojn\u00eb deklaratat e sotme n\u00eb Oh\u00ebr.<\/p>\n<p>Presidenti serb, Aleksand\u00ebr Vu\u00e7i\u00e7, q\u00eb e ka nisur k\u00ebt\u00eb iniciativ\u00eb serbomadhe, deklaroi se do t\u00eb ndihmoj\u00eb Shqip\u00ebrin\u00eb e varf\u00ebr me helikoptere p\u00ebr zjarret.<\/p>\n<p>N\u00eb koh\u00ebn kur qeverisja e korruptuar e Edi Ram\u00ebs e ka degraduar flot\u00ebn ajrore, Vu\u00e7i\u00e7 tha se do jet\u00eb gati p\u00ebr ndihm\u00eb.<\/p>\n<p>\u201cNe presim helikopter\u00eb plot\u00ebsues q\u00eb kemi bler\u00eb p\u00ebr shuarjen e zjarreve, sepse do t\u00eb kemi ver\u00eb t\u00eb nxeht\u00eb, dhe do t\u00eb ndihmojm\u00eb miqt\u00eb tan\u00eb nga Shqip\u00ebria. K\u00ebrkoj falje q\u00eb ju bezdisa, kam shum\u00eb entuziaz\u00ebm, shpresa, ambicie, q\u00eb t\u00eb b\u00ebjm\u00eb gj\u00ebra t\u00eb m\u00ebdha. Mos u hidh\u00ebroni, nuk e kam at\u00eb sindrom\u00eb t\u00eb k\u00ebrkimit t\u00eb faljes, n\u00ebse d\u00ebshironi, urdh\u00ebroni, n\u00eb t\u00eb kund\u00ebrt jo, askush nuk ju detyron\u201d, u shpreh Vu\u00e7i\u00e7.<\/p>\n<p>Kurse Rama shkoi m\u00eb tej, kur tha se fal\u00eb Serbis\u00eb, e cila vendosi t\u00eb na jepte grur\u00eb, shp\u00ebtuam nga kriza pasi nuk do kishim buk\u00eb.<\/p>\n<p>\u201cKontratat e grurit, kur filloi lufta n\u00eb Ukrain\u00eb, mes importuesve t\u00eb grurit n\u00eb Shqip\u00ebri nga Serbia, gj\u00eb q\u00eb e kan\u00eb b\u00ebr\u00eb historikisht, jo p\u00ebr shkak t\u00eb Ballkanit t\u00eb Hapur, dhe q\u00eb nuk u bllokuan, si\u00e7 do ishin bllokuar, n\u00ebse nuk do t\u00eb ishim n\u00eb Ballkanin e Hapur. Pak gj\u00eb kjo, apo mos duhet ndonj\u00eb imagjinat\u00eb e jasht\u00ebzakonshme p\u00ebr t\u00eb menduar n\u00ebse ne nuk do e merrnim at\u00eb sasi gruri t\u00eb kontraktuar. Me \u00e7far\u00eb do i ushqenim njer\u00ebzit n\u00ebse nuk do kishte buk\u00eb, me retorik\u00ebn e konfliktit? Vazhdojm\u00eb me energjin\u00eb, ne sot jemi n\u00eb nj\u00eb, jo vet\u00ebm ne n\u00eb bot\u00eb, ne jemi shum\u00eb m\u00eb vunerab\u00ebl se shum\u00eb t\u00eb tjer\u00eb,\u201d tha Rama.<\/p>\n","protected":false},"excerpt":{"rendered":"<p>P\u00ebr t\u00eb kuptuar se sa e mjeruar \u00ebsht\u00eb Shqip\u00ebria e Edi Ram\u00ebs dhe sa e varur do b\u00ebhet ajo nga Serbia, mjaftojn\u00eb deklaratat e sotme n\u00eb Oh\u00ebr. Presidenti serb, Aleksand\u00ebr Vu\u00e7i\u00e7, q\u00eb e ka nisur k\u00ebt\u00eb iniciativ\u00eb serbomadhe, deklaroi se do t\u00eb ndihmoj\u00eb Shqip\u00ebrin\u00eb e varf\u00ebr me helikoptere p\u00ebr zjarret. N\u00eb koh\u00ebn kur qeverisja e [&hellip;]<\/p>\n","protected":false},"author":2031,"featured_media":263471,"comment_status":"closed","ping_status":"closed","sticky":false,"template":"","format":"standard","meta":{"footnotes":""},"categories":[241,231,235],"tags":[],"class_list":{"0":"post-263470","1":"post","2":"type-post","3":"status-publish","4":"format-standard","5":"has-post-thumbnail","7":"category-aktualitet","8":"category-lajme","9":"category-vendi"},"_links":{"self":[{"href":"https:\/\/zjarr.tv\/sq\/wp-json\/wp\/v2\/posts\/263470","targetHints":{"allow":["GET"]}}],"collection":[{"href":"https:\/\/zjarr.tv\/sq\/wp-json\/wp\/v2\/posts"}],"about":[{"href":"https:\/\/zjarr.tv\/sq\/wp-json\/wp\/v2\/types\/post"}],"author":[{"embeddable":true,"href":"https:\/\/zjarr.tv\/sq\/wp-json\/wp\/v2\/users\/2031"}],"replies":[{"embeddable":true,"href":"https:\/\/zjarr.tv\/sq\/wp-json\/wp\/v2\/comments?post=263470"}],"version-history":[{"count":0,"href":"https:\/\/zjarr.tv\/sq\/wp-json\/wp\/v2\/posts\/263470\/revisions"}],"wp:featuredmedia":[{"embeddable":true,"href":"https:\/\/zjarr.tv\/sq\/wp-json\/wp\/v2\/media\/263471"}],"wp:attachment":[{"href":"https:\/\/zjarr.tv\/sq\/wp-json\/wp\/v2\/media?parent=263470"}],"wp:term":[{"taxonomy":"category","embeddable":true,"href":"https:\/\/zjarr.tv\/sq\/wp-json\/wp\/v2\/categories?post=263470"},{"taxonomy":"post_tag","embeddable":true,"href":"https:\/\/zjarr.tv\/sq\/wp-json\/wp\/v2\/tags?post=263470"}],"curies":[{"name":"wp","href":"https:\/\/api.w.org\/{rel}","templated":true}]}}