{"id":263480,"date":"2022-06-08T11:55:35","date_gmt":"2022-06-08T09:55:35","guid":{"rendered":"https:\/\/zjarr.tv\/?p=263480"},"modified":"2022-06-08T11:55:35","modified_gmt":"2022-06-08T09:55:35","slug":"momenti-i-sikletshem-rama-ngaterrohet-tek-shkallet-pasi-mbyll-fjalen-si-reagoi-kryeministri","status":"publish","type":"post","link":"https:\/\/zjarr.tv\/sq\/momenti-i-sikletshem-rama-ngaterrohet-tek-shkallet-pasi-mbyll-fjalen-si-reagoi-kryeministri\/","title":{"rendered":"Momenti i sikletsh\u00ebm\/ Rama ngat\u00ebrrohet tek shkall\u00ebt pasi mbyll fjal\u00ebn! Si reagoi kryeministri"},"content":{"rendered":"<p>Kryeministri Edi Rama ka pasur nj\u00eb moment t\u00eb sikletsh\u00ebm n\u00eb samitin e Ballkanit t\u00eb Hapur q\u00eb po mbahet n\u00eb Oh\u00ebr.<\/p>\n<p>Pasi mbylli fjal\u00ebn e tij n\u00eb konferenc\u00eb, kreu i qeveris\u00eb p\u00ebr pak u rr\u00ebzua tek shkall\u00ebt e podiumit.<\/p>\n<p>\u201cBallkani nuk vdes, por ky i hapuri aq m\u00eb pak vdes. Sido t\u00eb rrotullohet bota Ballkani k\u00ebtu do t\u00eb jet\u00eb, kam dhe nj\u00eb lajm p\u00ebr ju Serbia, Maqedonia e Veriut jo e jo, as Bosnja do vazhdoj\u00eb t\u00eb rrij\u00eb k\u00ebtu n\u00eb Ballkan t\u00eb ziej\u00eb nga brenda, po aty \u00ebsht\u00eb. Ne shqiptar\u00ebt po, s\u2019kemi ku shkojm\u00eb k\u00ebtu jemi.<\/p>\n<p>Bashkimi Europian me t\u00eb par\u00eb e me t\u00eb b\u00ebr\u00eb, por ne jemi k\u00ebtu n\u00eb mes t\u00eb Evrop\u00ebs dhe ne BE na b\u00ebjn\u00eb ata, por E-n\u00eb, europian e kemi vet\u00eb. Shum\u00eb faleminderit\u201d, thot\u00eb Rama dhe largohet nga foltorja p\u00ebr tu ulur n\u00eb vendin e tij.<\/p>\n<p>Por n\u00eb nj\u00eb moment, kryeministrit ngat\u00ebrrohet tek shkall\u00ebt dhe p\u00ebr pak bie. Megjithat\u00eb, ai e ka marr\u00eb me sportivitet dhe nis t\u00eb qesh\u00eb para kamerave.<\/p>\n","protected":false},"excerpt":{"rendered":"<p>Kryeministri Edi Rama ka pasur nj\u00eb moment t\u00eb sikletsh\u00ebm n\u00eb samitin e Ballkanit t\u00eb Hapur q\u00eb po mbahet n\u00eb Oh\u00ebr. Pasi mbylli fjal\u00ebn e tij n\u00eb konferenc\u00eb, kreu i qeveris\u00eb p\u00ebr pak u rr\u00ebzua tek shkall\u00ebt e podiumit. \u201cBallkani nuk vdes, por ky i hapuri aq m\u00eb pak vdes. Sido t\u00eb rrotullohet bota Ballkani k\u00ebtu [&hellip;]<\/p>\n","protected":false},"author":2020,"featured_media":169218,"comment_status":"closed","ping_status":"closed","sticky":false,"template":"","format":"standard","meta":{"footnotes":""},"categories":[241,5380,231],"tags":[],"class_list":{"0":"post-263480","1":"post","2":"type-post","3":"status-publish","4":"format-standard","5":"has-post-thumbnail","7":"category-aktualitet","8":"category-kryesore","9":"category-lajme"},"_links":{"self":[{"href":"https:\/\/zjarr.tv\/sq\/wp-json\/wp\/v2\/posts\/263480","targetHints":{"allow":["GET"]}}],"collection":[{"href":"https:\/\/zjarr.tv\/sq\/wp-json\/wp\/v2\/posts"}],"about":[{"href":"https:\/\/zjarr.tv\/sq\/wp-json\/wp\/v2\/types\/post"}],"author":[{"embeddable":true,"href":"https:\/\/zjarr.tv\/sq\/wp-json\/wp\/v2\/users\/2020"}],"replies":[{"embeddable":true,"href":"https:\/\/zjarr.tv\/sq\/wp-json\/wp\/v2\/comments?post=263480"}],"version-history":[{"count":0,"href":"https:\/\/zjarr.tv\/sq\/wp-json\/wp\/v2\/posts\/263480\/revisions"}],"wp:featuredmedia":[{"embeddable":true,"href":"https:\/\/zjarr.tv\/sq\/wp-json\/wp\/v2\/media\/169218"}],"wp:attachment":[{"href":"https:\/\/zjarr.tv\/sq\/wp-json\/wp\/v2\/media?parent=263480"}],"wp:term":[{"taxonomy":"category","embeddable":true,"href":"https:\/\/zjarr.tv\/sq\/wp-json\/wp\/v2\/categories?post=263480"},{"taxonomy":"post_tag","embeddable":true,"href":"https:\/\/zjarr.tv\/sq\/wp-json\/wp\/v2\/tags?post=263480"}],"curies":[{"name":"wp","href":"https:\/\/api.w.org\/{rel}","templated":true}]}}