{"id":263482,"date":"2022-06-08T11:59:51","date_gmt":"2022-06-08T09:59:51","guid":{"rendered":"https:\/\/zjarr.tv\/?p=263482"},"modified":"2022-06-08T11:59:51","modified_gmt":"2022-06-08T09:59:51","slug":"mundesi-per-pershpejtimin-e-rruges-drejt-be-se-varhelyi-flet-per-ballkanin-e-hapur-duhet-te-vazhdoje-nuk-ka-logjike-te-flasim-per-aderim-nese","status":"publish","type":"post","link":"https:\/\/zjarr.tv\/sq\/mundesi-per-pershpejtimin-e-rruges-drejt-be-se-varhelyi-flet-per-ballkanin-e-hapur-duhet-te-vazhdoje-nuk-ka-logjike-te-flasim-per-aderim-nese\/","title":{"rendered":"\u201cMund\u00ebsi p\u00ebr p\u00ebrshpejtimin e rrug\u00ebs drejt BE-s\u00eb\u201d, Varhelyi flet p\u00ebr Ballkanin e Hapur: Duhet t\u00eb vazhdoj\u00eb, nuk ka logjik\u00eb t\u00eb flasim p\u00ebr aderim n\u00ebse\u2026"},"content":{"rendered":"<p>Komisioneri p\u00ebr Fqinj\u00ebsin\u00eb dhe Zgjerimin, Oliver Varhelyi, mendon se nisma \u201cBallkani i Hapur\u201d duhet t\u00eb vazhdoj\u00eb.<\/p>\n<p>Ai tha se \u201cBallkani i Hapur\u201d \u00ebsht\u00eb nj\u00eb mund\u00ebsi e mir\u00eb p\u00ebr rajonin, duke shtuar se po ashtu mund t\u00eb jet\u00eb nj\u00eb mund\u00ebsi p\u00ebr p\u00ebrshpejtimin e rrug\u00ebs drejt integrimit n\u00eb BE.<\/p>\n<p>Varhelyi: Mendoj se iniciativa Ballkani i Hapur nuk \u00ebsht\u00eb vet\u00ebm e mir\u00eb dhe t\u00eb gjith\u00eb e mb\u00ebshtesin, por ajo \u00ebsht\u00eb mund\u00ebsi me t\u00eb cil\u00ebn p\u00ebrballet rajoni dekada t\u00eb t\u00ebra. Normalisht mund t\u00eb jet\u00eb edhe mund\u00ebsi p\u00ebr p\u00ebrshpejtimin e rrug\u00ebs drejt BE-s\u00eb. Integrimi i v\u00ebrtet\u00eb fillon me ekonomin\u00eb dhe shoq\u00ebrin\u00eb. kjo \u00ebsht\u00eb nj\u00eb arritje e r\u00ebnd\u00ebsishme e rajonit, nuk e b\u00ebm\u00eb ne, nuk e b\u00ebri SHBA.<\/p>\n<p>Ata e shpik\u00ebn k\u00ebt\u00eb ide dhe filluan ta shfryt\u00ebzojn\u00eb. Kur p\u00ebr her\u00eb t\u00eb par\u00eb n\u00eb tavolin\u00eb kishim nj\u00eb plan t\u00eb madh t\u00eb investimeve q\u00eb u zhvillua bashk\u00eb me k\u00ebt\u00eb rajon, p\u00ebr zgjidhjen e sfidave m\u00eb t\u00eb m\u00ebdha, ne i kemi zgjidhur ato \u00e7\u00ebshtje dhe at\u00ebher\u00eb kuptuam se pa bashk\u00ebpunim rajonal plani p\u00ebr investime strategjike nuk do t\u00eb arrij\u00eb shum\u00eb. Nuk ka logjik\u00eb t\u00eb flasim p\u00ebr aderim n\u00eb BE n\u00ebse n\u00eb vet\u00eb rajonin ende duhet t\u00eb rrezikohet diploma juaj n\u00ebse duhet t\u00eb punoni n\u00eb nj\u00eb shtet tjet\u00ebr.<\/p>\n<p>Nuk vlen asgj\u00eb n\u00ebse biznesi juaj nuk mund t\u2019i shes\u00eb prodhimet n\u00eb rajon. Rajoni e ka k\u00ebt\u00eb potencial dhe vet\u00ebm rajoni mund\u00a0 t\u00eb ndihmoj\u00eb. Kjo \u00ebsht\u00eb m\u00ebnyra jon\u00eb p\u00ebr Ballkanin e Hapur.<\/p>\n<p>Vler\u00ebsoj se Ballkani i Hapur duhet t\u00eb vazhdoj\u00eb. Sot shohim si do firmosen marr\u00ebveshjet dhe rezultatet q\u00eb marr\u00ebveshjet paraprake i treguan duke i leht\u00ebsuar jet\u00ebt e njer\u00ebzve. Tani m\u00eb shum\u00eb se kurr\u00eb duhet t\u00eb punojm\u00eb bashk\u00eb dhe ta zgjidhim k\u00ebt\u00eb kriz\u00eb.<\/p>\n","protected":false},"excerpt":{"rendered":"<p>Komisioneri p\u00ebr Fqinj\u00ebsin\u00eb dhe Zgjerimin, Oliver Varhelyi, mendon se nisma \u201cBallkani i Hapur\u201d duhet t\u00eb vazhdoj\u00eb. Ai tha se \u201cBallkani i Hapur\u201d \u00ebsht\u00eb nj\u00eb mund\u00ebsi e mir\u00eb p\u00ebr rajonin, duke shtuar se po ashtu mund t\u00eb jet\u00eb nj\u00eb mund\u00ebsi p\u00ebr p\u00ebrshpejtimin e rrug\u00ebs drejt integrimit n\u00eb BE. Varhelyi: Mendoj se iniciativa Ballkani i Hapur nuk [&hellip;]<\/p>\n","protected":false},"author":2020,"featured_media":263483,"comment_status":"closed","ping_status":"closed","sticky":false,"template":"","format":"standard","meta":{"footnotes":""},"categories":[241,5380,231],"tags":[],"class_list":{"0":"post-263482","1":"post","2":"type-post","3":"status-publish","4":"format-standard","5":"has-post-thumbnail","7":"category-aktualitet","8":"category-kryesore","9":"category-lajme"},"_links":{"self":[{"href":"https:\/\/zjarr.tv\/sq\/wp-json\/wp\/v2\/posts\/263482","targetHints":{"allow":["GET"]}}],"collection":[{"href":"https:\/\/zjarr.tv\/sq\/wp-json\/wp\/v2\/posts"}],"about":[{"href":"https:\/\/zjarr.tv\/sq\/wp-json\/wp\/v2\/types\/post"}],"author":[{"embeddable":true,"href":"https:\/\/zjarr.tv\/sq\/wp-json\/wp\/v2\/users\/2020"}],"replies":[{"embeddable":true,"href":"https:\/\/zjarr.tv\/sq\/wp-json\/wp\/v2\/comments?post=263482"}],"version-history":[{"count":0,"href":"https:\/\/zjarr.tv\/sq\/wp-json\/wp\/v2\/posts\/263482\/revisions"}],"wp:featuredmedia":[{"embeddable":true,"href":"https:\/\/zjarr.tv\/sq\/wp-json\/wp\/v2\/media\/263483"}],"wp:attachment":[{"href":"https:\/\/zjarr.tv\/sq\/wp-json\/wp\/v2\/media?parent=263482"}],"wp:term":[{"taxonomy":"category","embeddable":true,"href":"https:\/\/zjarr.tv\/sq\/wp-json\/wp\/v2\/categories?post=263482"},{"taxonomy":"post_tag","embeddable":true,"href":"https:\/\/zjarr.tv\/sq\/wp-json\/wp\/v2\/tags?post=263482"}],"curies":[{"name":"wp","href":"https:\/\/api.w.org\/{rel}","templated":true}]}}