{"id":263500,"date":"2022-06-08T13:00:02","date_gmt":"2022-06-08T11:00:02","guid":{"rendered":"https:\/\/zjarr.tv\/?p=263500"},"modified":"2022-06-08T13:00:02","modified_gmt":"2022-06-08T11:00:02","slug":"hero-i-ukraines-i-vjen-ne-ndihme-ushtrise-njihu-me-15-vjecarin-me-dron-qe-shkaterroi-autokolonen-ruse","status":"publish","type":"post","link":"https:\/\/zjarr.tv\/sq\/hero-i-ukraines-i-vjen-ne-ndihme-ushtrise-njihu-me-15-vjecarin-me-dron-qe-shkaterroi-autokolonen-ruse\/","title":{"rendered":"Hero i Ukrain\u00ebs i vjen n\u00eb ndihm\u00eb ushtris\u00eb, njihu me 15-vje\u00e7arin me dron q\u00eb shkat\u00ebrroi autokolon\u00ebn ruse"},"content":{"rendered":"<p>Nj\u00eb adoleshent p\u00ebrdori dronin e tij p\u00ebr t\u00eb ndihmuar ushtrin\u00eb ukrainase n\u00eb lokalizimin e nj\u00eb autokolone t\u00eb madhe ruse q\u00eb po i drejtohej Kievit n\u00eb dit\u00ebt e para t\u00eb konfliktit.<\/p>\n<p>Andrii Pokrasa \u00ebsht\u00eb vet\u00ebm 15 vje\u00e7 dhe n\u00eb Ukrain\u00eb tashm\u00eb ai \u00ebsht\u00eb nj\u00eb hero. Ai jetonte n\u00eb periferi t\u00eb kryeqytetit kur ngriti dronin e tij dhe lokalizoi autokolon\u00ebn ruse n\u00eb autostrad\u00ebn q\u00eb t\u00eb \u00e7on n\u00eb Kiev. Djali ia dha koordinatat babait t\u00eb tij, i cili ia p\u00ebrcolli m\u00eb pas ushtris\u00eb ukrainase.<\/p>\n<p>Vet\u00ebm pak minuta m\u00eb pas, artileria ukrainase zbarkoi n\u00eb autostrad\u00ebn pran\u00eb Berezivka dhe shkat\u00ebrroi autokolon\u00ebn af\u00ebrsisht 30 kilometra nga kryeqyteti i Kievit.<\/p>\n<p>Por nuk u mbyll k\u00ebtu. Ushtria i dha djalit m\u00eb pas nj\u00eb dron tjet\u00ebr m\u00eb t\u00eb avancuar, duke e ndihmuar edhe m\u00eb tej ushtrin\u00eb ukrainase.<\/p>\n<p>\u201cDjali ishte i vetmi q\u00eb kishte p\u00ebrvoj\u00eb n\u00eb p\u00ebrdorimin e dron\u00ebve n\u00eb at\u00eb rajon\u201d, tha p\u00ebr Global News, Yurii Kasjanov, komandanti i nj\u00eb nj\u00ebsie t\u00eb mbrojtjes territoriale. \u201cAi \u00ebsht\u00eb nj\u00eb hero i v\u00ebrtet\u00eb. Nj\u00eb hero i Ukrain\u00ebs\u201d, shtoi ai.<\/p>\n","protected":false},"excerpt":{"rendered":"<p>Nj\u00eb adoleshent p\u00ebrdori dronin e tij p\u00ebr t\u00eb ndihmuar ushtrin\u00eb ukrainase n\u00eb lokalizimin e nj\u00eb autokolone t\u00eb madhe ruse q\u00eb po i drejtohej Kievit n\u00eb dit\u00ebt e para t\u00eb konfliktit. Andrii Pokrasa \u00ebsht\u00eb vet\u00ebm 15 vje\u00e7 dhe n\u00eb Ukrain\u00eb tashm\u00eb ai \u00ebsht\u00eb nj\u00eb hero. Ai jetonte n\u00eb periferi t\u00eb kryeqytetit kur ngriti dronin e tij [&hellip;]<\/p>\n","protected":false},"author":2020,"featured_media":263501,"comment_status":"closed","ping_status":"closed","sticky":false,"template":"","format":"standard","meta":{"footnotes":""},"categories":[241,191,5380,231],"tags":[],"class_list":{"0":"post-263500","1":"post","2":"type-post","3":"status-publish","4":"format-standard","5":"has-post-thumbnail","7":"category-aktualitet","8":"category-bota","9":"category-kryesore","10":"category-lajme"},"_links":{"self":[{"href":"https:\/\/zjarr.tv\/sq\/wp-json\/wp\/v2\/posts\/263500","targetHints":{"allow":["GET"]}}],"collection":[{"href":"https:\/\/zjarr.tv\/sq\/wp-json\/wp\/v2\/posts"}],"about":[{"href":"https:\/\/zjarr.tv\/sq\/wp-json\/wp\/v2\/types\/post"}],"author":[{"embeddable":true,"href":"https:\/\/zjarr.tv\/sq\/wp-json\/wp\/v2\/users\/2020"}],"replies":[{"embeddable":true,"href":"https:\/\/zjarr.tv\/sq\/wp-json\/wp\/v2\/comments?post=263500"}],"version-history":[{"count":0,"href":"https:\/\/zjarr.tv\/sq\/wp-json\/wp\/v2\/posts\/263500\/revisions"}],"wp:featuredmedia":[{"embeddable":true,"href":"https:\/\/zjarr.tv\/sq\/wp-json\/wp\/v2\/media\/263501"}],"wp:attachment":[{"href":"https:\/\/zjarr.tv\/sq\/wp-json\/wp\/v2\/media?parent=263500"}],"wp:term":[{"taxonomy":"category","embeddable":true,"href":"https:\/\/zjarr.tv\/sq\/wp-json\/wp\/v2\/categories?post=263500"},{"taxonomy":"post_tag","embeddable":true,"href":"https:\/\/zjarr.tv\/sq\/wp-json\/wp\/v2\/tags?post=263500"}],"curies":[{"name":"wp","href":"https:\/\/api.w.org\/{rel}","templated":true}]}}