{"id":263521,"date":"2022-06-08T14:25:01","date_gmt":"2022-06-08T12:25:01","guid":{"rendered":"https:\/\/zjarr.tv\/?p=263521"},"modified":"2022-06-08T14:25:01","modified_gmt":"2022-06-08T12:25:01","slug":"kosova-e-ka-vendin-ne-ballkanin-e-hapur-askush-nuk-ia-ze-rama-eshte-fakt-qe-be-na-ka-zvarritur-nuk-e-mban-fjalen","status":"publish","type":"post","link":"https:\/\/zjarr.tv\/sq\/kosova-e-ka-vendin-ne-ballkanin-e-hapur-askush-nuk-ia-ze-rama-eshte-fakt-qe-be-na-ka-zvarritur-nuk-e-mban-fjalen\/","title":{"rendered":"\u201cKosova e ka vendin n\u00eb Ballkanin e Hapur, askush nuk ia z\u00eb\u201d, Rama: \u00cbsht\u00eb fakt q\u00eb BE na ka zvarritur, nuk e mban fjal\u00ebn"},"content":{"rendered":"<p>Kryeministri Edi Rama n\u00eb nj\u00eb konfernc\u00eb p\u00ebr gazetar\u00ebt nga Ohri tha se Kosova e ka vendin e saj n\u00eb Ballkanin e Hapur\u00a0 dhe nuk ia z\u00eb askush. Ai shtoi se ftesa p\u00ebr Kosov\u00ebn q\u00eb ti bashkohet k\u00ebsaj nisme mbetet e hapur.<\/p>\n<p>Nd\u00ebrkoh\u00eb n\u00eb lidhje me akuzat drejt BE, Rama shtoi se \u00ebsht\u00eb fakt q\u00eb unioni na ka zvarritur dhe nuk e mban fjal\u00ebn n\u00eb lidhje me procesin e integrimit.<\/p>\n<p>Rama: Kosova \u00ebsht\u00eb sovrane dhe i merr vendimet vet\u00eb p\u00ebr veten e vet\u00eb. Vendi p\u00ebr Kosov\u00ebn n\u00eb tryez\u00eb \u00ebsht\u00eb aty, askush nuk e z\u00eb, askush se mbush dot n\u00ebse nuk e mbush vet\u00eb Kosova. Un\u00eb nuk dua t\u00eb them asgj\u00eb m\u00eb shum\u00eb se cfar\u00eb kam pasur p\u00ebr ti th\u00ebn\u00eb e kam thene. Ftesa \u00ebsht\u00eb e hapur por respektoj vendimin e autoriteteteve te Kosov\u00ebs p\u00ebr t\u00eb l\u00ebn\u00eb vendin bosh.<\/p>\n<p>S\u00eb pari nuk akuzoj BE. P\u00ebrkundrazi un\u00eb jam nj\u00eb europian 100% i p\u00ebrkushtuar dhe vendosur si me BE dhe pa BE. Sa kohe q\u00eb BE \u00ebsht\u00eb projekti m\u00eb I madh , \u00ebsht\u00eb edhe destinacioni im dhe i yni. Nuk \u00ebsht\u00eb akuz\u00eb, \u00ebsht\u00eb fakt q\u00eb BE na ka zvarritur, jep fjal\u00ebn dhe nuk e mban p\u00ebr procesin e integrimit.<\/p>\n","protected":false},"excerpt":{"rendered":"<p>Kryeministri Edi Rama n\u00eb nj\u00eb konfernc\u00eb p\u00ebr gazetar\u00ebt nga Ohri tha se Kosova e ka vendin e saj n\u00eb Ballkanin e Hapur\u00a0 dhe nuk ia z\u00eb askush. Ai shtoi se ftesa p\u00ebr Kosov\u00ebn q\u00eb ti bashkohet k\u00ebsaj nisme mbetet e hapur. Nd\u00ebrkoh\u00eb n\u00eb lidhje me akuzat drejt BE, Rama shtoi se \u00ebsht\u00eb fakt q\u00eb unioni [&hellip;]<\/p>\n","protected":false},"author":2020,"featured_media":263522,"comment_status":"closed","ping_status":"closed","sticky":false,"template":"","format":"standard","meta":{"footnotes":""},"categories":[241,5380,231],"tags":[],"class_list":{"0":"post-263521","1":"post","2":"type-post","3":"status-publish","4":"format-standard","5":"has-post-thumbnail","7":"category-aktualitet","8":"category-kryesore","9":"category-lajme"},"_links":{"self":[{"href":"https:\/\/zjarr.tv\/sq\/wp-json\/wp\/v2\/posts\/263521","targetHints":{"allow":["GET"]}}],"collection":[{"href":"https:\/\/zjarr.tv\/sq\/wp-json\/wp\/v2\/posts"}],"about":[{"href":"https:\/\/zjarr.tv\/sq\/wp-json\/wp\/v2\/types\/post"}],"author":[{"embeddable":true,"href":"https:\/\/zjarr.tv\/sq\/wp-json\/wp\/v2\/users\/2020"}],"replies":[{"embeddable":true,"href":"https:\/\/zjarr.tv\/sq\/wp-json\/wp\/v2\/comments?post=263521"}],"version-history":[{"count":0,"href":"https:\/\/zjarr.tv\/sq\/wp-json\/wp\/v2\/posts\/263521\/revisions"}],"wp:featuredmedia":[{"embeddable":true,"href":"https:\/\/zjarr.tv\/sq\/wp-json\/wp\/v2\/media\/263522"}],"wp:attachment":[{"href":"https:\/\/zjarr.tv\/sq\/wp-json\/wp\/v2\/media?parent=263521"}],"wp:term":[{"taxonomy":"category","embeddable":true,"href":"https:\/\/zjarr.tv\/sq\/wp-json\/wp\/v2\/categories?post=263521"},{"taxonomy":"post_tag","embeddable":true,"href":"https:\/\/zjarr.tv\/sq\/wp-json\/wp\/v2\/tags?post=263521"}],"curies":[{"name":"wp","href":"https:\/\/api.w.org\/{rel}","templated":true}]}}