{"id":263524,"date":"2022-06-08T14:46:58","date_gmt":"2022-06-08T12:46:58","guid":{"rendered":"https:\/\/zjarr.tv\/?p=263524"},"modified":"2022-06-08T14:46:58","modified_gmt":"2022-06-08T12:46:58","slug":"bashkia-e-tiranes-dhe-ministria-e-drejtesise-marreveshje-bashkepunimi-per-sherbimin-e-proves-veliaj-rehabilitimi-me-pune-per-interes-publik-risi","status":"publish","type":"post","link":"https:\/\/zjarr.tv\/sq\/bashkia-e-tiranes-dhe-ministria-e-drejtesise-marreveshje-bashkepunimi-per-sherbimin-e-proves-veliaj-rehabilitimi-me-pune-per-interes-publik-risi\/","title":{"rendered":"Bashkia e Tiran\u00ebs dhe Ministria e Drejt\u00ebsis\u00eb marr\u00ebveshje bashk\u00ebpunimi p\u00ebr sh\u00ebrbimin e prov\u00ebs, Veliaj: Rehabilitimi me pun\u00eb p\u00ebr interes publik, risi"},"content":{"rendered":"<p>Bashkia e Tiran\u00ebs, n\u00ebp\u00ebrmjet Agjencis\u00eb s\u00eb Parqeve dhe Rekreacionit, n\u00ebnshkroi nj\u00eb marr\u00ebveshje bashk\u00ebpunimi me Ministrin\u00eb e Drejt\u00ebsis\u00eb, lidhur me zbatimin e d\u00ebnimit alternativ p\u00ebr personat e d\u00ebnuar q\u00eb ta shlyejn\u00eb at\u00eb duke kryer pun\u00eb p\u00ebr interes publik. Kjo nism\u00eb \u00ebsht\u00eb nj\u00eb risi q\u00eb do t\u00eb pilotohet p\u00ebr her\u00eb t\u00eb par\u00eb n\u00eb Tiran\u00eb dhe marr\u00ebveshja u n\u00ebnshkrua nga Kryetari i Bashkis\u00eb s\u00eb Tiran\u00ebs, Erion Veliaj dhe ministri i Drejt\u00ebsis\u00eb, Ulsi Manja.<\/p>\n<p>Kryebashkiaku Veliaj tha se kjo form\u00eb rehabilitimi \u00ebsht\u00eb shum\u00eb her\u00eb m\u00eb e pranushme p\u00ebr t\u00eb miturit, t\u00eb cil\u00ebt k\u00ebshtu m\u00ebsojn\u00eb t\u00eb b\u00ebjn\u00eb di\u00e7ka t\u00eb dobishme edhe p\u00ebr shoq\u00ebrin\u00eb.<\/p>\n<p>\u201cJemi shum\u00eb t\u00eb lumtur nga qasja e ministrit Manja, p\u00ebr t\u2019u larguar nga filozofia e vjet\u00ebr e d\u00ebnimit me burg p\u00ebr gjith\u00e7ka, sidomos kur b\u00ebhet fjal\u00eb p\u00ebr t\u00eb miturit. Rehabilitimi \u00ebsht\u00eb shum\u00eb her\u00eb m\u00eb i pranuesh\u00ebm dhe m\u00eb civil sesa burgu. N\u00eb Tiran\u00eb kemi 3500 d\u00ebnime, nga t\u00eb cilat 700 jan\u00eb me or\u00eb pune n\u00eb komunitet. Nga kjo list\u00eb e gjat\u00eb p\u00ebr shlyerjen e d\u00ebnimit, 700 qytetar\u00eb lirohen nga detyrimi q\u00eb kan\u00eb ndaj shoq\u00ebris\u00eb dhe ligjit duke kryer di\u00e7ka t\u00eb dobishme, edhe p\u00ebr vetvler\u00ebsimin e tyre. Mezi pres q\u00eb k\u00ebto risi q\u00eb kemi futur n\u00eb Tiran\u00eb t\u2019i \u00e7ojm\u00eb edhe n\u00eb qytetet e tjera, sidomos tani q\u00eb fillon sezoni i plazhit sepse ka nevoj\u00eb p\u00ebr pastrim, gjelb\u00ebrim, mir\u00ebmbajtje etj\u201d, tha kreu i Bashkis\u00eb.<\/p>\n<p>K\u00ebt\u00eb vit q\u00eb Tirana \u00ebsht\u00eb \u201cKryeqyteti Evropian i Rinis\u00eb\u201d dhe po zhvillohen mij\u00ebra aktivitete, kreu i Bashkis\u00eb tha se \u00ebsht\u00eb nj\u00eb shans i mir\u00eb p\u00ebr t\u00eb riintegruar k\u00ebt\u00eb pjes\u00eb t\u00eb shoq\u00ebris\u00eb. Veliaj shtoi se Tirana zhvillon \u00e7do dit\u00eb aktivitete t\u00eb shumta, q\u00eb kan\u00eb nevoj\u00eb edhe p\u00ebr vullnetar\u00eb. \u201cB\u00ebhet fjal\u00eb p\u00ebr nj\u00eb maksimum 240 or\u00eb pune, t\u00eb atyre q\u00eb kan\u00eb kryer vepra t\u00eb d\u00ebnueshme, por jo t\u00eb nivelit kriminal dhe me rrezikshm\u00ebri p\u00ebr shoq\u00ebrin\u00eb. Dikush q\u00eb mund ta ket\u00eb tepruar me alkoolin pas nj\u00eb darke apo nj\u00eb feste, dikush q\u00eb e ka tepruar me shpejt\u00ebsin\u00eb dhe mund t\u00eb ket\u00eb prishur nj\u00eb pron\u00eb publike si shtylla apo kangjella. Mezi pres q\u00eb, duke filluar nga kjo stin\u00eb, ku ne do t\u00eb kemi nj\u00eb pafund\u00ebsi aktivitetesh edhe si Kryeqyteti Europian i Rinis\u00eb, t\u00eb mirpresim ata bashk\u00ebqytetar\u00eb t\u00eb cil\u00ebt besoj riintegrohen n\u00eb nj\u00eb m\u00ebnyr\u00eb shum\u00eb her\u00eb m\u00eb dinjitoze, duke b\u00ebr\u00eb di\u00e7ka fisnike n\u00eb kthim t\u00eb detyrimit p\u00ebr komunitetin\u201d, n\u00ebnvizoi Veliaj.<\/p>\n<p>Ministri i Drejt\u00ebsis\u00eb, Ulsi Manja tha kjo marr\u00ebveshje ka nj\u00eb p\u00ebrfitim t\u00eb dyansh\u00ebm, si p\u00ebr qytetar\u00ebt q\u00eb duhet t\u00eb kryejn\u00eb d\u00ebmimin e tyre, ashtu edhe p\u00ebr sistemin e drejt\u00ebsis\u00eb.<\/p>\n<p>\u201cNe do t\u00eb v\u00ebm\u00eb n\u00eb dispozicion t\u00eb Agjencis\u00eb s\u00eb Parqeve dhe Rekreacionit t\u00eb gjith\u00eb personat e d\u00ebnuar n\u00eb konflikt me ligjin, por edhe t\u00eb miturit e d\u00ebnuar n\u00eb konflikt me ligjin me d\u00ebnim alternativ, pun\u00eb-interes-publik q\u00eb ta shlyejn\u00eb k\u00ebt\u00eb d\u00ebm q\u00eb i kan\u00eb shkatuar interesit publik n\u00ebp\u00ebrmjet pun\u00ebs. Kjo aplikohet n\u00eb t\u00eb gjitha vendet e Europ\u00ebs dhe shkon me p\u00ebrputhje edhe me q\u00ebllimin e d\u00ebnimit, q\u00eb \u00ebsht\u00eb rehabilitimi dhe riintegrimi social i personave t\u00eb d\u00ebnuar n\u00eb konflikt me ligjin. P\u00ebrfitimi nga kjo marr\u00ebveshje \u00ebsht\u00eb dyansh\u00ebm. P\u00ebr ne si Ministri e Drejt\u00ebsis\u00eb, si Sh\u00ebrbimi i Prov\u00ebs q\u00eb mbikqyrin k\u00ebto d\u00ebnime, \u00ebsht\u00eb rehabilitimi dhe integrimi n\u00eb koh\u00eb i k\u00ebtyre personave, nd\u00ebrsa publiku, shoq\u00ebria n\u00eb krahun tjet\u00ebr, kompesohet p\u00ebr d\u00ebmin q\u00eb i kan\u00eb shkaktuar k\u00ebta persona\u201d, p\u00ebrfundoi Manja.<\/p>\n","protected":false},"excerpt":{"rendered":"<p>Bashkia e Tiran\u00ebs, n\u00ebp\u00ebrmjet Agjencis\u00eb s\u00eb Parqeve dhe Rekreacionit, n\u00ebnshkroi nj\u00eb marr\u00ebveshje bashk\u00ebpunimi me Ministrin\u00eb e Drejt\u00ebsis\u00eb, lidhur me zbatimin e d\u00ebnimit alternativ p\u00ebr personat e d\u00ebnuar q\u00eb ta shlyejn\u00eb at\u00eb duke kryer pun\u00eb p\u00ebr interes publik. Kjo nism\u00eb \u00ebsht\u00eb nj\u00eb risi q\u00eb do t\u00eb pilotohet p\u00ebr her\u00eb t\u00eb par\u00eb n\u00eb Tiran\u00eb dhe marr\u00ebveshja u [&hellip;]<\/p>\n","protected":false},"author":2020,"featured_media":263525,"comment_status":"closed","ping_status":"closed","sticky":false,"template":"","format":"standard","meta":{"footnotes":""},"categories":[241,231],"tags":[],"class_list":{"0":"post-263524","1":"post","2":"type-post","3":"status-publish","4":"format-standard","5":"has-post-thumbnail","7":"category-aktualitet","8":"category-lajme"},"_links":{"self":[{"href":"https:\/\/zjarr.tv\/sq\/wp-json\/wp\/v2\/posts\/263524","targetHints":{"allow":["GET"]}}],"collection":[{"href":"https:\/\/zjarr.tv\/sq\/wp-json\/wp\/v2\/posts"}],"about":[{"href":"https:\/\/zjarr.tv\/sq\/wp-json\/wp\/v2\/types\/post"}],"author":[{"embeddable":true,"href":"https:\/\/zjarr.tv\/sq\/wp-json\/wp\/v2\/users\/2020"}],"replies":[{"embeddable":true,"href":"https:\/\/zjarr.tv\/sq\/wp-json\/wp\/v2\/comments?post=263524"}],"version-history":[{"count":0,"href":"https:\/\/zjarr.tv\/sq\/wp-json\/wp\/v2\/posts\/263524\/revisions"}],"wp:featuredmedia":[{"embeddable":true,"href":"https:\/\/zjarr.tv\/sq\/wp-json\/wp\/v2\/media\/263525"}],"wp:attachment":[{"href":"https:\/\/zjarr.tv\/sq\/wp-json\/wp\/v2\/media?parent=263524"}],"wp:term":[{"taxonomy":"category","embeddable":true,"href":"https:\/\/zjarr.tv\/sq\/wp-json\/wp\/v2\/categories?post=263524"},{"taxonomy":"post_tag","embeddable":true,"href":"https:\/\/zjarr.tv\/sq\/wp-json\/wp\/v2\/tags?post=263524"}],"curies":[{"name":"wp","href":"https:\/\/api.w.org\/{rel}","templated":true}]}}