{"id":263537,"date":"2022-06-08T15:19:16","date_gmt":"2022-06-08T13:19:16","guid":{"rendered":"https:\/\/zjarr.tv\/?p=263537"},"modified":"2022-06-08T15:19:16","modified_gmt":"2022-06-08T13:19:16","slug":"presidenti-i-ri-kadilli-u-tall-dynjajaprocesi-farse-dhe-loje-e-rames","status":"publish","type":"post","link":"https:\/\/zjarr.tv\/sq\/presidenti-i-ri-kadilli-u-tall-dynjajaprocesi-farse-dhe-loje-e-rames\/","title":{"rendered":"Presidenti i ri, Kadilli: U tall dynjaja\u2026procesi fars\u00eb dhe loj\u00eb e Ram\u00ebs"},"content":{"rendered":"<p>Zgjedhja e presidentit t\u00eb ri beri buj\u00eb t\u00eb madhe n\u00eb media si para si pas zgjedhjes. Fatbardh Kadilli ka komentuar procesin e zgjedhjes s\u00eb presidentit t\u00eb ri nga mazhoranca. Kadilli tha se kryeministri, Edi Rama propozoi n\u00eb momentin e fundit emrin e presidentit t\u00eb ri dhe se konsultimi politik p\u00ebr zgjedhjen e presidentit ishte fars\u00eb dhe loj\u00eb e Ram\u00ebs.<\/p>\n<p>\u201cGj\u00ebja q\u00eb m\u00eb shqet\u00ebson nuk \u00ebsht\u00eb individi, se cili \u00ebsht\u00eb. Ajo q\u00eb m\u00eb shqet\u00ebson \u00ebsht\u00eb se ka brenda nj\u00eb cen shum\u00eb t\u00eb madh.<\/p>\n<p>Konsultim politik p\u00ebr zgjedhjen e presidentit ishte fars\u00eb, ishte nj\u00eb loj\u00eb e Ram\u00ebs. Edhe dor\u00ebheqja e Begajt nga posti i shefit t\u00eb shtabit t\u00eb Forcave t\u00eb Armatosura u dha n\u00eb sekond\u00ebn e fundit.<\/p>\n<p>Gjith\u00eb procesi ishte kot, nga 100 emrat q\u00eb u tall dynjaja, Rama zgjodhi at\u00eb q\u00eb nuk e njeh askush. Ne nuk e njohim fare at\u00eb. A do jet\u00eb ai njeri q\u00eb do ti rezistoj\u00eb presionit t\u00eb qeveris\u00eb. Ai ka firmosur kalimin e pronave n\u00eb interes t\u00eb biznesit. Presidenti duhet t\u00eb jet\u00eb garant p\u00ebr t\u00eb mbrojtur moralin e vendit.<\/p>\n<p>Sot akoma, Bajram Begaj nuk ka dh\u00ebn\u00eb nj\u00eb intervist\u00eb, q\u00eb t\u00eb shprehet, q\u00eb ne t\u00eb dim\u00eb pozicionet e tij politike. Begaj \u00ebsht\u00eb nj\u00eb njeri q\u00eb i \u00ebsht\u00eb n\u00ebnshtruar qeveris\u00eb\u201d, tha Fatbardh Kadilli i ftuar n\u00eb studion e Abc Live.<\/p>\n<p>Bajram Begaj u zgjodh t\u00eb shtun\u00ebn e 4 qershorit, president i Shqip\u00ebris\u00eb me 78 vota t\u00eb deputet\u00ebve t\u00eb Kuvendit.N\u00eb votimin e tij n\u00eb Kuvend mor\u00ebn pjes\u00eb 83 deputet\u00eb, prej t\u00eb cil\u00ebve kat\u00ebr ishin kund\u00ebr dhe nj\u00eb abstenoi. Pjesa m\u00eb e madhe e opozit\u00ebs nga Partia Demokratike bojkotoi seanc\u00ebn.<\/p>\n","protected":false},"excerpt":{"rendered":"<p>Zgjedhja e presidentit t\u00eb ri beri buj\u00eb t\u00eb madhe n\u00eb media si para si pas zgjedhjes. Fatbardh Kadilli ka komentuar procesin e zgjedhjes s\u00eb presidentit t\u00eb ri nga mazhoranca. Kadilli tha se kryeministri, Edi Rama propozoi n\u00eb momentin e fundit emrin e presidentit t\u00eb ri dhe se konsultimi politik p\u00ebr zgjedhjen e presidentit ishte fars\u00eb [&hellip;]<\/p>\n","protected":false},"author":2020,"featured_media":184185,"comment_status":"closed","ping_status":"closed","sticky":false,"template":"","format":"standard","meta":{"footnotes":""},"categories":[241,5380,231],"tags":[],"class_list":{"0":"post-263537","1":"post","2":"type-post","3":"status-publish","4":"format-standard","5":"has-post-thumbnail","7":"category-aktualitet","8":"category-kryesore","9":"category-lajme"},"_links":{"self":[{"href":"https:\/\/zjarr.tv\/sq\/wp-json\/wp\/v2\/posts\/263537","targetHints":{"allow":["GET"]}}],"collection":[{"href":"https:\/\/zjarr.tv\/sq\/wp-json\/wp\/v2\/posts"}],"about":[{"href":"https:\/\/zjarr.tv\/sq\/wp-json\/wp\/v2\/types\/post"}],"author":[{"embeddable":true,"href":"https:\/\/zjarr.tv\/sq\/wp-json\/wp\/v2\/users\/2020"}],"replies":[{"embeddable":true,"href":"https:\/\/zjarr.tv\/sq\/wp-json\/wp\/v2\/comments?post=263537"}],"version-history":[{"count":0,"href":"https:\/\/zjarr.tv\/sq\/wp-json\/wp\/v2\/posts\/263537\/revisions"}],"wp:featuredmedia":[{"embeddable":true,"href":"https:\/\/zjarr.tv\/sq\/wp-json\/wp\/v2\/media\/184185"}],"wp:attachment":[{"href":"https:\/\/zjarr.tv\/sq\/wp-json\/wp\/v2\/media?parent=263537"}],"wp:term":[{"taxonomy":"category","embeddable":true,"href":"https:\/\/zjarr.tv\/sq\/wp-json\/wp\/v2\/categories?post=263537"},{"taxonomy":"post_tag","embeddable":true,"href":"https:\/\/zjarr.tv\/sq\/wp-json\/wp\/v2\/tags?post=263537"}],"curies":[{"name":"wp","href":"https:\/\/api.w.org\/{rel}","templated":true}]}}