{"id":263549,"date":"2022-06-08T16:08:50","date_gmt":"2022-06-08T14:08:50","guid":{"rendered":"https:\/\/zjarr.tv\/?p=263549"},"modified":"2022-06-08T16:08:50","modified_gmt":"2022-06-08T14:08:50","slug":"a-ju-mungon-kosova-zoti-kryeminister-rama-vihet-ne-siklet-nga-pyetja-e-gazetarit-po-ti-cfare-po-ben-tani-na-ler","status":"publish","type":"post","link":"https:\/\/zjarr.tv\/sq\/a-ju-mungon-kosova-zoti-kryeminister-rama-vihet-ne-siklet-nga-pyetja-e-gazetarit-po-ti-cfare-po-ben-tani-na-ler\/","title":{"rendered":"\u201cA ju mungon Kosova zoti kryeminist\u00ebr?\u201d, Rama vihet n\u00eb \u201csiklet\u201d nga pyetja e gazetarit: Po ti \u00e7far\u00eb po b\u00ebn? Tani na l\u00ebr\u2026"},"content":{"rendered":"<p>Kryeministri Edi Rama dhe lider\u00ebt e vendeve t\u00eb tjera t\u00eb Ballkanit Per\u00ebndimor ndodhen sot n\u00eb Oh\u00ebr, k kan\u00eb zhvilluar takimin e radh\u00ebs p\u00ebr \u201cBallkanin e Hapur\u201d. Atje ai \u00ebsht\u00eb takuar dhe me politikanin shqiptar n\u00eb Maqedoni, Ali Ahmeti.<\/p>\n<p>Si\u00e7 shihet n\u00eb pamjet e m\u00ebposhtme Rama q\u00ebndron n\u00eb tavolin\u00eb i ulur me Ali Ahmetin dhe kryeministrin shqiptar t\u00eb Malit t\u00eb Zi, Dritan Abazovi\u00e7. T\u00eb tre duken t\u00eb qeshur me batutat q\u00eb Rama ju thot\u00eb, derisa nd\u00ebrhyn nj\u00eb gazetar.<\/p>\n<p>\u201cApo ju mungon Kosova k\u00ebtu zoti Kryeminist\u00ebr?\u201d- \u00ebsht\u00eb pyetja q\u00eb gazetari, me gjasa shqiptar i Maqedonis\u00eb s\u00eb Veriut, i b\u00ebn kryeministrit Rama duke e \u201cz\u00ebn\u00eb ngusht\u00eb\u201d k\u00ebt\u00eb t\u00eb fundit. Shikoni p\u00ebrgjigjen e Edi Ram\u00ebs.<\/p>\n<p>Gazetari: Apo ju mungon Kosova k\u00ebtu zoti Kryeminist\u00ebr?<\/p>\n<p>Rama: Urdh\u00ebro?<\/p>\n<p>Gazetari: A ju mungon Kosova n\u00eb tavolin\u00eb?<\/p>\n<p>Rama: Po ti \u00e7a po b\u00ebn, po b\u00ebn intervist\u00eb?<\/p>\n<p>Gazetari: Jo po pyes.<\/p>\n<p>Rama: Brenda \u00ebsht\u00eb konferenca e shtypit. Tashi na l\u00ebr ta pim\u00eb k\u00ebt\u00eb kafen\u2026<\/p>\n","protected":false},"excerpt":{"rendered":"<p>Kryeministri Edi Rama dhe lider\u00ebt e vendeve t\u00eb tjera t\u00eb Ballkanit Per\u00ebndimor ndodhen sot n\u00eb Oh\u00ebr, k kan\u00eb zhvilluar takimin e radh\u00ebs p\u00ebr \u201cBallkanin e Hapur\u201d. Atje ai \u00ebsht\u00eb takuar dhe me politikanin shqiptar n\u00eb Maqedoni, Ali Ahmeti. Si\u00e7 shihet n\u00eb pamjet e m\u00ebposhtme Rama q\u00ebndron n\u00eb tavolin\u00eb i ulur me Ali Ahmetin dhe kryeministrin [&hellip;]<\/p>\n","protected":false},"author":2020,"featured_media":263550,"comment_status":"closed","ping_status":"closed","sticky":false,"template":"","format":"standard","meta":{"footnotes":""},"categories":[241,5380,231],"tags":[],"class_list":{"0":"post-263549","1":"post","2":"type-post","3":"status-publish","4":"format-standard","5":"has-post-thumbnail","7":"category-aktualitet","8":"category-kryesore","9":"category-lajme"},"_links":{"self":[{"href":"https:\/\/zjarr.tv\/sq\/wp-json\/wp\/v2\/posts\/263549","targetHints":{"allow":["GET"]}}],"collection":[{"href":"https:\/\/zjarr.tv\/sq\/wp-json\/wp\/v2\/posts"}],"about":[{"href":"https:\/\/zjarr.tv\/sq\/wp-json\/wp\/v2\/types\/post"}],"author":[{"embeddable":true,"href":"https:\/\/zjarr.tv\/sq\/wp-json\/wp\/v2\/users\/2020"}],"replies":[{"embeddable":true,"href":"https:\/\/zjarr.tv\/sq\/wp-json\/wp\/v2\/comments?post=263549"}],"version-history":[{"count":0,"href":"https:\/\/zjarr.tv\/sq\/wp-json\/wp\/v2\/posts\/263549\/revisions"}],"wp:featuredmedia":[{"embeddable":true,"href":"https:\/\/zjarr.tv\/sq\/wp-json\/wp\/v2\/media\/263550"}],"wp:attachment":[{"href":"https:\/\/zjarr.tv\/sq\/wp-json\/wp\/v2\/media?parent=263549"}],"wp:term":[{"taxonomy":"category","embeddable":true,"href":"https:\/\/zjarr.tv\/sq\/wp-json\/wp\/v2\/categories?post=263549"},{"taxonomy":"post_tag","embeddable":true,"href":"https:\/\/zjarr.tv\/sq\/wp-json\/wp\/v2\/tags?post=263549"}],"curies":[{"name":"wp","href":"https:\/\/api.w.org\/{rel}","templated":true}]}}