{"id":263573,"date":"2022-06-08T20:16:35","date_gmt":"2022-06-08T18:16:35","guid":{"rendered":"https:\/\/zjarr.tv\/?p=263573"},"modified":"2022-06-08T20:16:35","modified_gmt":"2022-06-08T18:16:35","slug":"plumbi-i-arte-gazetarja-pas-arrestimit-te-dumanit-renea-zbarkoi-ne-shtepine-e-biznesmenit","status":"publish","type":"post","link":"https:\/\/zjarr.tv\/sq\/plumbi-i-arte-gazetarja-pas-arrestimit-te-dumanit-renea-zbarkoi-ne-shtepine-e-biznesmenit\/","title":{"rendered":"\u201cPlumbi i Art\u00eb\u201d, gazetarja: Pas arrestimit t\u00eb Dumanit, RENEA zbarkoi n\u00eb sht\u00ebpin\u00eb e biznesmenit"},"content":{"rendered":"<p>Forcat Speciale pak dit\u00eb m\u00eb par\u00eb kan\u00eb zbarkuar n\u00eb banes\u00ebn e biznesmenit Xhevdet Troplini i njohur si \u2018Poja\u2019, ku kan\u00eb kryer kontrolle. <\/p>\n<p>Me vendim t\u00eb Gjykat\u00ebs s\u00eb Posa\u00e7me i \u00ebsht\u00eb kontrolluar banesa n\u00eb kuad\u00ebr t\u00eb operacionit t\u00eb \u2018Plumbit t\u00eb Art\u00eb\u2019, pas d\u00ebshmis\u00eb s\u00eb Nuredin Dumanit. <\/p>\n<p>Lajmi \u00ebsht\u00eb b\u00ebr\u00eb i ditur sot nga gazetarja Klodiana Lala n\u00eb emisionin \u201cN\u00eb sh\u00ebnjest\u00ebr\u201d. <\/p>\n<p>Po ashtu m\u00ebsohet se \u00ebsht\u00eb kontrolluar edhe banesa e t\u00eb birit dhe e nipit. <\/p>\n<p>Lala tha se Troplini ka dh\u00ebn\u00eb d\u00ebshmi para oficer\u00ebve t\u00eb policis\u00eb. Aksioni n\u00eb fjal\u00eb vjen pak dit\u00eb pas rr\u00ebfimit t\u00eb Dumanit, i cili tronditi bot\u00ebn e krimit dhe me d\u00ebshmit\u00eb e tij, duke \u00e7uar n\u00eb arrestimin e 18 personave.<\/p>\n","protected":false},"excerpt":{"rendered":"<p>Forcat Speciale pak dit\u00eb m\u00eb par\u00eb kan\u00eb zbarkuar n\u00eb banes\u00ebn e biznesmenit Xhevdet Troplini i njohur si \u2018Poja\u2019, ku kan\u00eb kryer kontrolle. Me vendim t\u00eb Gjykat\u00ebs s\u00eb Posa\u00e7me i \u00ebsht\u00eb kontrolluar banesa n\u00eb kuad\u00ebr t\u00eb operacionit t\u00eb \u2018Plumbit t\u00eb Art\u00eb\u2019, pas d\u00ebshmis\u00eb s\u00eb Nuredin Dumanit. Lajmi \u00ebsht\u00eb b\u00ebr\u00eb i ditur sot nga gazetarja Klodiana Lala [&hellip;]<\/p>\n","protected":false},"author":2031,"featured_media":204061,"comment_status":"closed","ping_status":"closed","sticky":false,"template":"","format":"standard","meta":{"footnotes":""},"categories":[241,231,235],"tags":[],"class_list":{"0":"post-263573","1":"post","2":"type-post","3":"status-publish","4":"format-standard","5":"has-post-thumbnail","7":"category-aktualitet","8":"category-lajme","9":"category-vendi"},"_links":{"self":[{"href":"https:\/\/zjarr.tv\/sq\/wp-json\/wp\/v2\/posts\/263573","targetHints":{"allow":["GET"]}}],"collection":[{"href":"https:\/\/zjarr.tv\/sq\/wp-json\/wp\/v2\/posts"}],"about":[{"href":"https:\/\/zjarr.tv\/sq\/wp-json\/wp\/v2\/types\/post"}],"author":[{"embeddable":true,"href":"https:\/\/zjarr.tv\/sq\/wp-json\/wp\/v2\/users\/2031"}],"replies":[{"embeddable":true,"href":"https:\/\/zjarr.tv\/sq\/wp-json\/wp\/v2\/comments?post=263573"}],"version-history":[{"count":0,"href":"https:\/\/zjarr.tv\/sq\/wp-json\/wp\/v2\/posts\/263573\/revisions"}],"wp:featuredmedia":[{"embeddable":true,"href":"https:\/\/zjarr.tv\/sq\/wp-json\/wp\/v2\/media\/204061"}],"wp:attachment":[{"href":"https:\/\/zjarr.tv\/sq\/wp-json\/wp\/v2\/media?parent=263573"}],"wp:term":[{"taxonomy":"category","embeddable":true,"href":"https:\/\/zjarr.tv\/sq\/wp-json\/wp\/v2\/categories?post=263573"},{"taxonomy":"post_tag","embeddable":true,"href":"https:\/\/zjarr.tv\/sq\/wp-json\/wp\/v2\/tags?post=263573"}],"curies":[{"name":"wp","href":"https:\/\/api.w.org\/{rel}","templated":true}]}}