{"id":263588,"date":"2022-06-09T00:11:19","date_gmt":"2022-06-08T22:11:19","guid":{"rendered":"https:\/\/zjarr.tv\/?p=263588"},"modified":"2022-06-09T00:11:19","modified_gmt":"2022-06-08T22:11:19","slug":"behgjet-pacolli-thirrje-qe-kosova-ti-bashkohet-ballkanit-te-hapur-mund-te-dale-serish-nese-aty-kerkohet-te","status":"publish","type":"post","link":"https:\/\/zjarr.tv\/sq\/behgjet-pacolli-thirrje-qe-kosova-ti-bashkohet-ballkanit-te-hapur-mund-te-dale-serish-nese-aty-kerkohet-te\/","title":{"rendered":"Behgjet Pacolli thirrje q\u00eb Kosova t\u2019i bashkohet \u201cBallkanit t\u00eb Hapur\u201d: Mund t\u00eb dal\u00eb s\u00ebrish n\u00ebse aty k\u00ebrkohet t\u00eb\u2026"},"content":{"rendered":"<p>Ish-presidenti i Kosov\u00ebs dhe biznesmeni i njohur Behgjet Pacolli thot\u00eb se Kosova duhet t\u00eb jet\u00eb pjes\u00eb e nism\u00ebs \u201cBallkani i Hapur\u201d dhe t\u00eb mos vet\u00ebizolohet kur vendet e rajonit flasin p\u00ebr ura, integrim dhe sfida. <\/p>\n<p>Pacolli shprehet se ka d\u00ebshir\u00eb ta shoh\u00eb Kosov\u00ebn \u201cn\u00eb nj\u00eb klub me Shqip\u00ebrin\u00eb, Maqedonin\u00eb e Veriut dhe Malin e Zi\u201d, n\u00eb k\u00ebt\u00eb nism\u00eb t\u00eb mb\u00ebshtetur fuqimisht nga SHBA. <\/p>\n<p>Reagimi i Pacollit: <\/p>\n<p>Sot n\u00eb Oh\u00ebr edhe Mali i Zi u b\u00eb pjes\u00eb e Open Balkans, nd\u00ebrsa edhe Bosnja ishte aty n\u00eb cil\u00ebsin\u00eb e v\u00eazhguesit. <\/p>\n<p>Dua ta shoh edhe Kosov\u00ebn n\u00eb nj\u00eb klub me Shqip\u00ebrin\u00eb, Maqedonin\u00eb e Veriut dhe Malin e Zi, t\u00eb mb\u00ebshtetur fuqish\u00ebm nga SHBA. <\/p>\n<p>Esht\u00eb koha e duhur (kemi 3 KM shqip\u00ebtar), aty mund t\u00eb mir\u00ebn vendime vet\u00ebm n\u00eb favor t\u00eb Kosov\u00ebs, mos u frik\u00ebsoni! Anglia ishte themeluese e Unionit Europian dhe at\u00ebher\u00eb kur ajo e vleresoi doli nga ky union. <\/p>\n<p>Edhe Kosova mund ta b\u00ebj\u00eb k\u00ebt\u00eb n\u00ebse v\u00ebren q\u00eb aty k\u00ebrkohet te b\u00ebhet dicka q\u00eb shkon ne d\u00ebm t\u00eb Kosov\u00ebs. <\/p>\n<p>Kosova nuk guxon t\u00eb hezitok dhe t\u00eb paragjykoi n\u00eb rrug\u00ebn e integrimit euroatlantik t\u00eb mb\u00ebshtetur nga SHBA. <\/p>\n<p>Ajo duhet t\u00eb jet\u00eb aty ku flitet p\u00ebr urat, p\u00ebr integrimet dhe p\u00ebr ardhm\u00ebrin\u00eb europiane. <\/p>\n<p>Izolimi i duhet m\u00eb s\u00eb paku Kosov\u00ebs (Edhe Bledi e Berlini i fundit nuk shkuan ne favor te Kosov\u00ebs). <\/p>\n<p>Nuk ka nevoj\u00eb t\u00eb frik\u00ebsohemi nga vendi ku flitet per sfidat!<\/p>\n","protected":false},"excerpt":{"rendered":"<p>Ish-presidenti i Kosov\u00ebs dhe biznesmeni i njohur Behgjet Pacolli thot\u00eb se Kosova duhet t\u00eb jet\u00eb pjes\u00eb e nism\u00ebs \u201cBallkani i Hapur\u201d dhe t\u00eb mos vet\u00ebizolohet kur vendet e rajonit flasin p\u00ebr ura, integrim dhe sfida. Pacolli shprehet se ka d\u00ebshir\u00eb ta shoh\u00eb Kosov\u00ebn \u201cn\u00eb nj\u00eb klub me Shqip\u00ebrin\u00eb, Maqedonin\u00eb e Veriut dhe Malin e Zi\u201d, [&hellip;]<\/p>\n","protected":false},"author":2031,"featured_media":263589,"comment_status":"closed","ping_status":"closed","sticky":false,"template":"","format":"standard","meta":{"footnotes":""},"categories":[241,231],"tags":[],"class_list":{"0":"post-263588","1":"post","2":"type-post","3":"status-publish","4":"format-standard","5":"has-post-thumbnail","7":"category-aktualitet","8":"category-lajme"},"_links":{"self":[{"href":"https:\/\/zjarr.tv\/sq\/wp-json\/wp\/v2\/posts\/263588","targetHints":{"allow":["GET"]}}],"collection":[{"href":"https:\/\/zjarr.tv\/sq\/wp-json\/wp\/v2\/posts"}],"about":[{"href":"https:\/\/zjarr.tv\/sq\/wp-json\/wp\/v2\/types\/post"}],"author":[{"embeddable":true,"href":"https:\/\/zjarr.tv\/sq\/wp-json\/wp\/v2\/users\/2031"}],"replies":[{"embeddable":true,"href":"https:\/\/zjarr.tv\/sq\/wp-json\/wp\/v2\/comments?post=263588"}],"version-history":[{"count":0,"href":"https:\/\/zjarr.tv\/sq\/wp-json\/wp\/v2\/posts\/263588\/revisions"}],"wp:featuredmedia":[{"embeddable":true,"href":"https:\/\/zjarr.tv\/sq\/wp-json\/wp\/v2\/media\/263589"}],"wp:attachment":[{"href":"https:\/\/zjarr.tv\/sq\/wp-json\/wp\/v2\/media?parent=263588"}],"wp:term":[{"taxonomy":"category","embeddable":true,"href":"https:\/\/zjarr.tv\/sq\/wp-json\/wp\/v2\/categories?post=263588"},{"taxonomy":"post_tag","embeddable":true,"href":"https:\/\/zjarr.tv\/sq\/wp-json\/wp\/v2\/tags?post=263588"}],"curies":[{"name":"wp","href":"https:\/\/api.w.org\/{rel}","templated":true}]}}