{"id":263612,"date":"2022-06-09T10:08:08","date_gmt":"2022-06-09T08:08:08","guid":{"rendered":"https:\/\/zjarr.tv\/?p=263612"},"modified":"2022-06-09T10:08:08","modified_gmt":"2022-06-09T08:08:08","slug":"rritja-rekord-e-karburanteve-qytetaret-paralajmerojne-proteste-sot-ne-oren-1200-fikni-makinat","status":"publish","type":"post","link":"https:\/\/zjarr.tv\/sq\/rritja-rekord-e-karburanteve-qytetaret-paralajmerojne-proteste-sot-ne-oren-1200-fikni-makinat\/","title":{"rendered":"Rritja rekord e karburanteve, qytetar\u00ebt paralajm\u00ebrojn\u00eb protest\u00eb: Sot n\u00eb or\u00ebn 12:00 fikni makinat"},"content":{"rendered":"<p>Bordi i Transparenc\u00ebs vendosi dje \u00e7mime rekord t\u00eb karburanteve duke sjell k\u00ebshtu \u00a0dhe reagime t\u00eb shumta. <\/p>\n<p>\u00c7mimi i naft\u00ebs ka shkuar n\u00eb (258 lek\u00eb\/lit\u00ebr) dhe kjo ka sjell\u00eb pak\u00ebnaq\u00ebsi tek qytetar\u00ebt, t\u00eb cil\u00ebt sot kan\u00eb paralajm\u00ebruar dhe protest\u00eb. <\/p>\n<p>N\u00eb shenj\u00eb revolte p\u00ebr \u00e7mimet e larta , pritete q\u00eb sot n\u00eb or\u00ebn 12:00 t\u00eb gjith\u00eb t\u00eb fikin automjetet kudo ku mund t\u00eb ndodhen n\u00eb qytet, n\u00eb shenje revolte p\u00ebr k\u00ebt\u00eb rritje t\u00eb radh\u00ebs rekord. <\/p>\n<p>Kujtojm\u00eb q\u00eb Bordi i Transparenc\u00ebs u vendos nga qeveria p\u00ebr t\u00eb kontrolluar \u00e7mimet dhe mos t\u00eb lejohen abuzimet, por q\u00eb s\u00ebrish \u00e7mimet vijojn\u00eb n\u00eb t\u00eb jen\u00eb \u201ctavan\u201d, ndikuar nga lufta n\u00eb Ukrain\u00eb me Rusin\u00eb.<\/p>\n","protected":false},"excerpt":{"rendered":"<p>Bordi i Transparenc\u00ebs vendosi dje \u00e7mime rekord t\u00eb karburanteve duke sjell k\u00ebshtu \u00a0dhe reagime t\u00eb shumta. \u00c7mimi i naft\u00ebs ka shkuar n\u00eb (258 lek\u00eb\/lit\u00ebr) dhe kjo ka sjell\u00eb pak\u00ebnaq\u00ebsi tek qytetar\u00ebt, t\u00eb cil\u00ebt sot kan\u00eb paralajm\u00ebruar dhe protest\u00eb. N\u00eb shenj\u00eb revolte p\u00ebr \u00e7mimet e larta , pritete q\u00eb sot n\u00eb or\u00ebn 12:00 t\u00eb gjith\u00eb t\u00eb [&hellip;]<\/p>\n","protected":false},"author":2031,"featured_media":263613,"comment_status":"closed","ping_status":"closed","sticky":false,"template":"","format":"standard","meta":{"footnotes":""},"categories":[241,231,235],"tags":[],"class_list":{"0":"post-263612","1":"post","2":"type-post","3":"status-publish","4":"format-standard","5":"has-post-thumbnail","7":"category-aktualitet","8":"category-lajme","9":"category-vendi"},"_links":{"self":[{"href":"https:\/\/zjarr.tv\/sq\/wp-json\/wp\/v2\/posts\/263612","targetHints":{"allow":["GET"]}}],"collection":[{"href":"https:\/\/zjarr.tv\/sq\/wp-json\/wp\/v2\/posts"}],"about":[{"href":"https:\/\/zjarr.tv\/sq\/wp-json\/wp\/v2\/types\/post"}],"author":[{"embeddable":true,"href":"https:\/\/zjarr.tv\/sq\/wp-json\/wp\/v2\/users\/2031"}],"replies":[{"embeddable":true,"href":"https:\/\/zjarr.tv\/sq\/wp-json\/wp\/v2\/comments?post=263612"}],"version-history":[{"count":0,"href":"https:\/\/zjarr.tv\/sq\/wp-json\/wp\/v2\/posts\/263612\/revisions"}],"wp:featuredmedia":[{"embeddable":true,"href":"https:\/\/zjarr.tv\/sq\/wp-json\/wp\/v2\/media\/263613"}],"wp:attachment":[{"href":"https:\/\/zjarr.tv\/sq\/wp-json\/wp\/v2\/media?parent=263612"}],"wp:term":[{"taxonomy":"category","embeddable":true,"href":"https:\/\/zjarr.tv\/sq\/wp-json\/wp\/v2\/categories?post=263612"},{"taxonomy":"post_tag","embeddable":true,"href":"https:\/\/zjarr.tv\/sq\/wp-json\/wp\/v2\/tags?post=263612"}],"curies":[{"name":"wp","href":"https:\/\/api.w.org\/{rel}","templated":true}]}}