{"id":263623,"date":"2022-06-09T11:43:13","date_gmt":"2022-06-09T09:43:13","guid":{"rendered":"https:\/\/zjarr.tv\/?p=263623"},"modified":"2022-06-09T11:43:13","modified_gmt":"2022-06-09T09:43:13","slug":"gazetarja-ve-me-shpatulla-pas-muri-ahmetajn-me-cfare-keni-ardhur-ne-pune-une-e-lashe-makinen-ne-shtepi-autobuset-nuk-i-ndezin-kondicioneret-se-kursejne-naften","status":"publish","type":"post","link":"https:\/\/zjarr.tv\/sq\/gazetarja-ve-me-shpatulla-pas-muri-ahmetajn-me-cfare-keni-ardhur-ne-pune-une-e-lashe-makinen-ne-shtepi-autobuset-nuk-i-ndezin-kondicioneret-se-kursejne-naften\/","title":{"rendered":"Gazetarja \u2018v\u00eb me shpatulla pas muri\u2019 Ahmetajn: Me \u00e7far\u00eb keni ardhur n\u00eb pun\u00eb? Un\u00eb e lash\u00eb makin\u00ebn n\u00eb sht\u00ebpi, autobus\u00ebt nuk i ndezin kondicioner\u00ebt se kursejn\u00eb naft\u00ebn"},"content":{"rendered":"<p>N\u00eb mbledhjen e p\u00ebrjavshme t\u00eb qeveris\u00eb, z\u00ebvend\u00ebskryeministri Arben Ahmetaj tha se u diskutua n\u00eb lidhje me efektet e kriz\u00ebs ekonomike q\u00eb ka sjell\u00eb lufta n\u00eb Ukrain\u00eb.<\/p>\n<p>Teksa ai fliste p\u00ebr masat e nd\u00ebrmarra nga qeveria, nj\u00eb prej gazetareve t\u00eb pranishme n\u00eb konferenc\u00eb i kujtoi \u00e7mimin rekord t\u00eb naft\u00ebs, q\u00eb shum\u00eb qytetar\u00eb i ka detyruar q\u00eb t\u00eb braktisin makinat, dhe t\u00eb l\u00ebvizin me autobus\u00eb. Mir\u00ebpo n\u00eb k\u00ebta t\u00eb fundit, kushtet jan\u00eb skandaloze, me vonesa n\u00eb stacion, dhe me munges\u00eb t\u00eb sistemit t\u00eb ajrimit apo kondicionerave.<\/p>\n<p>Natyrsh\u00ebm gazetarja e pyeti numrin 2 t\u00eb qeveris\u00eb n\u00ebse dhe vet\u00eb ai i ishte bashkuar thirrjeve p\u00ebr kursim t\u00eb qeveris\u00eb, por Ahmetaj iu shmang nj\u00eb p\u00ebrgjigje konkrete.<\/p>\n<p>Gazetarja: E kam l\u00ebn\u00eb makin\u00ebn dhe jam detyruar q\u00eb t\u00eb l\u00ebviz me autobus, nd\u00ebrkoh\u00eb q\u00eb dhe k\u00ebta t\u00eb fundit i ka kapur kriza e naft\u00ebs, dhe nuk ndezin kondicioner\u00ebt. Ju me \u00e7far\u00eb keni ardhur n\u00eb pun\u00eb sot? A keni shmangur l\u00ebvizjet me makin\u00eb?<\/p>\n<p>Ahmetaj: Un\u00eb dua t\u00eb ndaj me ju q\u00eb qeveria ka menduar para disa muajsh p\u00ebr qytetar\u00ebt, me ato paketa publike q\u00eb jan\u00eb n\u00eb funksion, Shqip\u00ebria e ka inflacionin m\u00eb t\u00eb ul\u00ebt se i gjith\u00eb rajoni, kjo ka t\u00eb b\u00ebj\u00eb me mb\u00ebshtetjen q\u00eb qeveria i ka dh\u00ebn\u00eb qytetar\u00ebve.<\/p>\n<p>Ju ftoj q\u00eb ta shikoni t\u00eb shikoni statistik\u00ebn e rajonit. \u00cbsht\u00eb nj\u00eb kriz\u00eb globale fatkeq\u00ebsisht, q\u00eb e ka gjenez\u00ebn n\u00eb Ukrain\u00eb, si\u00e7 e shihni globalisht diskutimi \u00ebsht\u00eb p\u00ebr sigurimin e rrug\u00ebve t\u00eb furnizimit.<\/p>\n<p>Po n\u00eb k\u00ebt\u00eb faz\u00eb ku gjith\u00eb kriza e preson tregun, ne do t\u00eb vuajm\u00eb dhe pasojat e asaj krize, q\u00eb nuk i dihet fundi. Qeveria mbi t\u00eb gjitha \u00ebsht\u00eb p\u00ebrgatitur q\u00eb hap pas hapi t\u00eb marr\u00eb masat e duhura.<\/p>\n","protected":false},"excerpt":{"rendered":"<p>N\u00eb mbledhjen e p\u00ebrjavshme t\u00eb qeveris\u00eb, z\u00ebvend\u00ebskryeministri Arben Ahmetaj tha se u diskutua n\u00eb lidhje me efektet e kriz\u00ebs ekonomike q\u00eb ka sjell\u00eb lufta n\u00eb Ukrain\u00eb. Teksa ai fliste p\u00ebr masat e nd\u00ebrmarra nga qeveria, nj\u00eb prej gazetareve t\u00eb pranishme n\u00eb konferenc\u00eb i kujtoi \u00e7mimin rekord t\u00eb naft\u00ebs, q\u00eb shum\u00eb qytetar\u00eb i ka detyruar q\u00eb [&hellip;]<\/p>\n","protected":false},"author":2020,"featured_media":158272,"comment_status":"closed","ping_status":"closed","sticky":false,"template":"","format":"standard","meta":{"footnotes":""},"categories":[241,5380,231],"tags":[],"class_list":{"0":"post-263623","1":"post","2":"type-post","3":"status-publish","4":"format-standard","5":"has-post-thumbnail","7":"category-aktualitet","8":"category-kryesore","9":"category-lajme"},"_links":{"self":[{"href":"https:\/\/zjarr.tv\/sq\/wp-json\/wp\/v2\/posts\/263623","targetHints":{"allow":["GET"]}}],"collection":[{"href":"https:\/\/zjarr.tv\/sq\/wp-json\/wp\/v2\/posts"}],"about":[{"href":"https:\/\/zjarr.tv\/sq\/wp-json\/wp\/v2\/types\/post"}],"author":[{"embeddable":true,"href":"https:\/\/zjarr.tv\/sq\/wp-json\/wp\/v2\/users\/2020"}],"replies":[{"embeddable":true,"href":"https:\/\/zjarr.tv\/sq\/wp-json\/wp\/v2\/comments?post=263623"}],"version-history":[{"count":0,"href":"https:\/\/zjarr.tv\/sq\/wp-json\/wp\/v2\/posts\/263623\/revisions"}],"wp:featuredmedia":[{"embeddable":true,"href":"https:\/\/zjarr.tv\/sq\/wp-json\/wp\/v2\/media\/158272"}],"wp:attachment":[{"href":"https:\/\/zjarr.tv\/sq\/wp-json\/wp\/v2\/media?parent=263623"}],"wp:term":[{"taxonomy":"category","embeddable":true,"href":"https:\/\/zjarr.tv\/sq\/wp-json\/wp\/v2\/categories?post=263623"},{"taxonomy":"post_tag","embeddable":true,"href":"https:\/\/zjarr.tv\/sq\/wp-json\/wp\/v2\/tags?post=263623"}],"curies":[{"name":"wp","href":"https:\/\/api.w.org\/{rel}","templated":true}]}}