{"id":263646,"date":"2022-06-09T12:53:14","date_gmt":"2022-06-09T10:53:14","guid":{"rendered":"https:\/\/zjarr.tv\/?p=263646"},"modified":"2022-06-09T12:53:14","modified_gmt":"2022-06-09T10:53:14","slug":"rritja-e-cmimit-te-naftes-do-te-vazhdoje-te-ndikoje-mediu-shqiperia-u-vendos-serish-ne-listen-gri-per-pastrimin-e-parave","status":"publish","type":"post","link":"https:\/\/zjarr.tv\/sq\/rritja-e-cmimit-te-naftes-do-te-vazhdoje-te-ndikoje-mediu-shqiperia-u-vendos-serish-ne-listen-gri-per-pastrimin-e-parave\/","title":{"rendered":"\u201cRritja e \u00e7mimit t\u00eb naft\u00ebs do t\u00eb vazhdoj\u00eb t\u00eb ndikoj\u00eb\u201d, Mediu: Shqip\u00ebria u vendos s\u00ebrish n\u00eb list\u00ebn gri p\u00ebr pastrimin e parave"},"content":{"rendered":"<p>Kreu i Partis\u00eb Republikane, Fatmir Mediu, deklaroi se rritja e \u00e7mimit t\u00eb naft\u00ebs dhe gazit po ndikojn\u00eb dhe do t\u00eb vazhdojn\u00eb t\u00eb ndikojn\u00eb negativisht n\u00eb vendin ton\u00eb.<\/p>\n<p>Ai tha n\u00eb seanc\u00ebn e sotme plenare se Shqip\u00ebria ka taksat m\u00eb t\u00eb larta n\u00eb rajon, duke shtuar se Shqip\u00ebria u vendos s\u00ebrish n\u00eb list\u00ebn gri p\u00ebr pastrimin e parave.<\/p>\n<p>\u201cSjell n\u00eb v\u00ebmendje disa konstatime t\u00eb r\u00ebnd\u00ebsishme. FMN ka ngritur dyshime p\u00ebr pastrim parash n\u00eb tregun e pasurive t\u00eb paluajtshme. Shqip\u00ebria u vendos s\u00ebrish n\u00eb list\u00ebn gri p\u00ebr pastrimin e parave. Sot bota \u00ebsht\u00eb n\u00eb k\u00ebrc\u00ebnimin e pasiguris\u00eb ushqimore. \u00c7mimet rriten progresivisht, sado p\u00ebrpiqemi t\u2019i mohojm\u00eb ato.Rritja e \u00e7mimi naft\u00ebs dhe gazit ka ndikuar dhe do t\u00eb ndikoj\u00eb. Politikat fiskale jan\u00eb t\u00eb disfavorshme, kemi taksat m\u00eb t\u00eb larta n\u00eb rajon. Vler\u00ebsoj dhe jap mb\u00ebshtetje p\u00ebr \u00e7do marr\u00ebveshje t\u00eb Shqip\u00ebris\u00eb me \u00e7do kompani amerikane p\u00ebr investime\u201d, u shpreh Mediu.<\/p>\n<p>Duke iu referuar projektit t\u00eb Ballkanit\u00a0 t\u00eb Hapur, ai tha se \u00e7do nism\u00eb duhet t\u00eb frenoj\u00eb aksesin e Rusis\u00eb dhe Kin\u00ebs n\u00eb rajon.<\/p>\n<p>\u201cNuk jemi t\u00eb imunizuar nga interesat e Rusis\u00eb, ne duhet t\u00eb flasim dhe t\u00eb shohim \u00e7\u2019po ndodh n\u00eb Serbi, Bosnje Hercegovin\u00eb , Kosov\u00eb dhe n\u00eb Malin e Zi. \u00c7do nism\u00eb duhet t\u00eb frenoj\u00eb aksesin e Rusis\u00eb dhe Kin\u00ebs n\u00eb rajon, ndryshe kemi v\u00ebn\u00ebn n\u00eb diskutim interesin ton\u00eb komb\u00ebtar\u201d, tha Mediu.<\/p>\n","protected":false},"excerpt":{"rendered":"<p>Kreu i Partis\u00eb Republikane, Fatmir Mediu, deklaroi se rritja e \u00e7mimit t\u00eb naft\u00ebs dhe gazit po ndikojn\u00eb dhe do t\u00eb vazhdojn\u00eb t\u00eb ndikojn\u00eb negativisht n\u00eb vendin ton\u00eb. Ai tha n\u00eb seanc\u00ebn e sotme plenare se Shqip\u00ebria ka taksat m\u00eb t\u00eb larta n\u00eb rajon, duke shtuar se Shqip\u00ebria u vendos s\u00ebrish n\u00eb list\u00ebn gri p\u00ebr pastrimin [&hellip;]<\/p>\n","protected":false},"author":2020,"featured_media":263647,"comment_status":"closed","ping_status":"closed","sticky":false,"template":"","format":"standard","meta":{"footnotes":""},"categories":[241,5380,231],"tags":[],"class_list":{"0":"post-263646","1":"post","2":"type-post","3":"status-publish","4":"format-standard","5":"has-post-thumbnail","7":"category-aktualitet","8":"category-kryesore","9":"category-lajme"},"_links":{"self":[{"href":"https:\/\/zjarr.tv\/sq\/wp-json\/wp\/v2\/posts\/263646","targetHints":{"allow":["GET"]}}],"collection":[{"href":"https:\/\/zjarr.tv\/sq\/wp-json\/wp\/v2\/posts"}],"about":[{"href":"https:\/\/zjarr.tv\/sq\/wp-json\/wp\/v2\/types\/post"}],"author":[{"embeddable":true,"href":"https:\/\/zjarr.tv\/sq\/wp-json\/wp\/v2\/users\/2020"}],"replies":[{"embeddable":true,"href":"https:\/\/zjarr.tv\/sq\/wp-json\/wp\/v2\/comments?post=263646"}],"version-history":[{"count":0,"href":"https:\/\/zjarr.tv\/sq\/wp-json\/wp\/v2\/posts\/263646\/revisions"}],"wp:featuredmedia":[{"embeddable":true,"href":"https:\/\/zjarr.tv\/sq\/wp-json\/wp\/v2\/media\/263647"}],"wp:attachment":[{"href":"https:\/\/zjarr.tv\/sq\/wp-json\/wp\/v2\/media?parent=263646"}],"wp:term":[{"taxonomy":"category","embeddable":true,"href":"https:\/\/zjarr.tv\/sq\/wp-json\/wp\/v2\/categories?post=263646"},{"taxonomy":"post_tag","embeddable":true,"href":"https:\/\/zjarr.tv\/sq\/wp-json\/wp\/v2\/tags?post=263646"}],"curies":[{"name":"wp","href":"https:\/\/api.w.org\/{rel}","templated":true}]}}